{"id":54,"date":"2015-01-22T12:00:59","date_gmt":"2015-01-22T12:00:59","guid":{"rendered":"http:\/\/www.revolucionpermanente.com\/turk\/?p=54"},"modified":"2021-02-05T16:11:21","modified_gmt":"2021-02-05T15:11:21","slug":"yunanistan-borcu-iptal-edecek-isci-ve-ciftci-hukumeti-icin","status":"publish","type":"post","link":"https:\/\/www.revolucionpermanente.com\/turk\/2015\/01\/22\/yunanistan-borcu-iptal-edecek-isci-ve-ciftci-hukumeti-icin\/","title":{"rendered":"Yunanistan: borcu iptal edecek i\u015f\u00e7i ve \u00e7ift\u00e7i h\u00fck\u00fbmeti i\u00e7in"},"content":{"rendered":"<p>\u0130ftiralara, hilelere ve Samaras h\u00fck\u00fbmetinin bask\u0131s\u0131na ra\u011fmen, se\u00e7im kampanyas\u0131na Avrupa Komisyonunun ve Alman h\u00fck\u00fbmetinin kar\u0131\u015fmas\u0131na ra\u011fmen, radikal sol koalisyonu Syriza 25 ocaktaki Yunan genel se\u00e7imlerini kazanacak gibi g\u00f6r\u00fcn\u00fcyor.<\/p>\n<h3>Avrupa Birli\u011finin zay\u0131f halkalar\u0131ndan biri<\/h3>\n<p>T\u00fcm \u00fclkeler 2007 il\u00e2 2009 aras\u0131ndaki kapitalist krizden etkilenmi\u015ftir ancak her \u00fclke de\u011fi\u015fik bir etkiye tabi kalm\u0131\u015ft\u0131r. Yunanistan, 1981 senesinde emperyalist Frans\u0131z ve Alman burjuvazilerinin ba\u015f\u0131n\u0131 \u00e7ekti\u011fi Avrupa Birli\u011fine kat\u0131lmas\u0131ndan beri devaml\u0131 bir \u015fekilde ekonomik olarak b\u00fcy\u00fcm\u00fc\u015ft\u00fcr (GSY\u0130H y\u0131lda ortalama %4 artm\u0131\u015ft\u0131r). 2007 y\u0131l\u0131nda ise Birli\u011fin en zay\u0131f halkas\u0131 oldu\u011fu ortaya \u00e7\u0131km\u0131\u015ft\u0131r. Yunan kapitalizmi ger\u00e7ek bir ekonomik bunal\u0131ma girmi\u015ftir (GSY\u0130H d\u00f6rtte bir azalm\u0131\u015ft\u0131r) ve bunun ac\u0131 faturas\u0131n\u0131 en \u00e7ok kentlerde ve k\u0131rsal kesimlerdeki \u00e7al\u0131\u015fanlar (\u00f6zellikle gen\u00e7lik ve g\u00f6\u00e7menler) \u00f6demi\u015ftir.<!--more--><\/p>\n<p>Devlet gelirleri kapitalist gruplar\u0131n vergi \u00f6dememeleri sebebiyle (mesela armat\u00f6rler neredeyse hi\u00e7bir vergi \u00f6demiyorlard\u0131) ve kilisenin cimrili\u011fi nedeniyle d\u00fc\u015f\u00fck idi (Ortodoks Hristiyan kilisesi, en b\u00fcy\u00fck toprak sahibi olmas\u0131na, zengin mahallelerin \u00e7o\u011funun sahibi olmas\u0131na ve Yunan Merkez Bankas\u0131n\u0131n hissedar\u0131 olmas\u0131na ra\u011fmen mal varl\u0131\u011f\u0131 i\u00e7in vergi \u00f6demez).<\/p>\n<p>Ekonomik bunal\u0131m vergi gelirlerini daha da d\u00fc\u015f\u00fcrd\u00fc. Bu nedenle devlet uluslararas\u0131 finans piyasas\u0131nda daha fazla bor\u00e7land\u0131 ancak git gide milli borcun ve ekonomik krizin derinli\u011finden irkilen alacakl\u0131lar\u0131n (bankalar, sigorta \u015firketleri, emeklilik fonlar\u0131) isteksizli\u011fiyle kar\u015f\u0131la\u015ft\u0131. Bunun sonucu olarak Yunanistan 2010 y\u0131l\u0131n\u0131n nisan ay\u0131nda Avrupa Birli\u011finden ve d\u00fcnya g\u00fc\u00e7lerinin ortak finans te\u015fkilat\u0131 olan ve Amerikan hakimiyetinde bulunan Uluslararas\u0131 Para Fonundan (IMF) yard\u0131m istemek zorunda kald\u0131. Toplam olarak Yunan devleti may\u0131s 2010&#8217;dan beri IMF&#8217;den ve Avrupa Finansal \u0130stikrar Tesisinden 277 milyar avro bor\u00e7 alm\u0131\u015ft\u0131r. Bunun kar\u015f\u0131l\u0131\u011f\u0131 olarak Yunan burjuvazisi, b\u00f6lgesel g\u00fc\u00e7 olma hayalinden vazge\u00e7mek ve Troykan\u0131n (Avrupa Birli\u011fi, Avrupa Merkez Bankas\u0131 ve IMF) i\u00e7i\u015flerine kar\u0131\u015fmas\u0131 a\u015fa\u011f\u0131lamas\u0131na raz\u0131 olmak zorunda kalm\u0131\u015ft\u0131r.<\/p>\n<h3>Kapitalist gruplar\u0131n k\u00e2rlar\u0131n\u0131n korunmas\u0131<\/h3>\n<p>Avrupa Birli\u011finin ve IMF&#8217;nin paras\u0131 finans gruplar\u0131n\u0131n cebine iki yoldan girmi\u015ftir: bor\u00e7lar\u0131n ve faizlerin uluslararas\u0131 alacakl\u0131lara \u00f6denmesi ile Yunan bankalar\u0131n\u0131n yeniden sermayelendirilmeleri. <\/p>\n<p>Ulusal varl\u0131klar (ki buna kamu \u015firketleri de dahildir) baz\u0131lar\u0131 \u00c7inli olan b\u00fcy\u00fck emperyalist gruplara pe\u015fke\u015f \u00e7ekilmi\u015ftir. Papazlar ve maa\u015flar\u0131 devletin sorumlulu\u011funda kalm\u0131\u015f ve bask\u0131 te\u015fkilatlar\u0131 budanmam\u0131\u015ft\u0131r. Hatta h\u00fck\u00fbmet, polis ve hakim maa\u015flar\u0131n\u0131 yak\u0131n ge\u00e7mi\u015fte artt\u0131rm\u0131\u015ft\u0131r. Ordu ve polis ise Frans\u0131z, Amerikal\u0131, Alman ve Bel\u00e7ikal\u0131 silah \u00fcreticilerinin \u00fcr\u00fcnleriyle donanmay\u0131 s\u00fcrd\u00fcrmektedir. Avrupa kriterlerine g\u00f6re polis son derece ac\u0131mas\u0131zd\u0131r. Ordu, siyasi ya\u015fam\u0131n \u00fczerinde darbe tehdidiyle etki kurmaktad\u0131r. Kilise ile birlikte milliyet\u00e7ili\u011fi k\u00f6r\u00fcklemekte ve kom\u015fu T\u00fcrkiye ile gerilim olu\u015fturmaktad\u0131r.<\/p>\n<p>Troykan\u0131n istekleri arkas\u0131na saklanan burjuva Yeni Demokrasi ve PASOK partileri, k\u00e2h birlikte, k\u00e2h tek ba\u015flar\u0131na 7 y\u0131ldan beri sosyal harcamalar\u0131 b\u00fcy\u00fck \u00e7apta azaltm\u0131\u015ft\u0131r ve bundan en \u00e7ok okullar ve hastaneler zarar g\u00f6rm\u00fc\u015ft\u00fcr. Bunun halk \u00fczerindeki etkilerine kitlesel i\u015fsizlik de eklenmi\u015ftir (resm\u00ee i\u015fsizlik oran\u0131: %27,6). \u0130\u015f\u00e7i s\u0131n\u0131f\u0131 bunun sonucu olarak fakirle\u015fmi\u015f ve s\u00f6m\u00fcr\u00fclmesi artm\u0131\u015ft\u0131r. Son 4 y\u0131lda maa\u015flar %38, emekli maa\u015flar\u0131 %44 azalm\u0131\u015f, intiharlar ise %44 artm\u0131\u015ft\u0131r.<\/p>\n<h3>Sapt\u0131rmalar: 4 genel se\u00e7im, 32 etkinlik g\u00fcn\u00fc<\/h3>\n<p>Halk\u0131n ho\u015fnutsuzlu\u011fu \u015fimdiye dek egemen s\u0131n\u0131f taraf\u0131ndan organize edilen se\u00e7imlerle (eyl\u00fcl 2007, ekim 2009, may\u0131s 2012, haziran 2012) ve i\u015f\u00e7i b\u00fcrokrasilerinin politikalar\u0131yla tasfiye edilmi\u015ftir. Kapitalist krizin, mill\u00ee a\u015fa\u011f\u0131lanman\u0131n, kitle i\u015f\u00e7i \u00f6rg\u00fctlerinin kazan\u0131mlar\u0131 koruyamamas\u0131n\u0131n, PASOK ile YD h\u00fck\u00fbmetleriyle m\u00fccadele edememesinin ve devrimci bir perspektifi a\u00e7amamas\u0131n\u0131n birbirine eklenmesi fa\u015fist partilerin y\u00fckselmesine yol a\u00e7m\u0131\u015ft\u0131r: Laos ve Alt\u0131n \u015eafak.<\/p>\n<p>Sendika y\u00f6neticileri (Adedy, Gsee, Pame) hi\u00e7bir i\u015fe yaramayan \u201cetkinlik g\u00fcnlerini\u201d genel greve mani olmak ve Yunan kapitalizmini korumak i\u00e7in reformcu partilerin (Syriza, KKE, Dimar) ve merkezci gruplar\u0131n deste\u011fiyle kullanm\u0131\u015ft\u0131r. <\/p>\n<p><em>Bunun i\u00e7in potansiyel bir sinyal ge\u00e7en senenin sonunda, siyasi kriz yakla\u015f\u0131rken sosyal m\u00fccadelelerin y\u00fckselmesi oldu \u2014 \u00f6zellikle \u00f6nde gelen sendika federasyonlar\u0131 taraf\u0131ndan son 7 ay\u0131n ilk genel grev \u00e7a\u011fr\u0131s\u0131<\/em>. (ISO, Socialist Worker, ABD, 13 ocak 2015)<\/p>\n<p><em>Her zafer \u00e7al\u0131\u015fanlar\u0131n m\u00fccadeleleriyle kazan\u0131ld\u0131 \u2014 \u00f6zellikle 32 genel grev ile. Bunun devam\u0131 Syriza&#8217;n\u0131n verdi\u011fi umudu somutla\u015ft\u0131rmak i\u00e7in \u00e7ok \u00f6nemlidir.<\/em> (SWP, Socialist Worker, Birle\u015fik Krall\u0131k, 13 ocak 2015)<\/p>\n<p><em>Bu siyasi de\u011fi\u015fim egemen s\u0131n\u0131flar\u0131n ve Avrupa Birli\u011finin sald\u0131r\u0131lar\u0131na kar\u015f\u0131 sosyal direncin sonucudur. 30 g\u00fcne yak\u0131n genel grev&#8230;<\/em>  (QI, Inprecor, ocak 2015)<\/p>\n<p>Syriza, KKE ve Dimar, 1944 senesinde \u0130ngiliz ordusu kapitalizmi ve onun devletini kurtarmak i\u00e7in geldi\u011finde Yunan devrimini silahs\u0131z b\u0131rakan stalincilikten t\u00fcremi\u015ftir. Bunlardan hi\u00e7biri stalincili\u011fin miras\u0131n\u0131 a\u015famam\u0131\u015ft\u0131r (\u201ctek \u00fclkede sosyalizm\u201d, burjuvazi ile s\u0131n\u0131f i\u015fbirli\u011fi&#8230;).<\/p>\n<p>Demokratik sol (Dimar) Syriza, Ye\u015filler ve \u201csosyalist\u201d enternasyonale \u00fcye milliyet\u00e7i burjuva parti PASOK ile ittifaka a\u00e7\u0131kt\u0131r. Bununla da kalmay\u0131p, haziran 2012&#8217;den haziran 2013&#8217;e kadar burjuva ve i\u015f\u00e7i kar\u015f\u0131t\u0131 Samaras h\u00fck\u00fbmetine Yeni Demokrasi ve PASOK ile kat\u0131lm\u0131\u015ft\u0131r.<\/p>\n<p>Ekonomik ve siyasi krizin ba\u015flamas\u0131ndan beri Yunan kom\u00fcnist partisi (KKE) i\u015f\u00e7i ve gen\u00e7li\u011fin saflar\u0131n\u0131 b\u00f6lmektedir: sendikalar federasyonlar\u0131n\u0131 ayr\u0131 g\u00f6sterilere \u00e7a\u011fr\u0131 yapan kendi fraksiyonu (PAME) lehine b\u00f6lmektedir. Sosyalizmden bahsetti\u011finde, bunu \u00e7ok uzak bir gelecek i\u00e7inmi\u015f gibi g\u00f6stermektedir. S\u00f6zde sosyalizmi \u00fcretim ara\u00e7lar\u0131n\u0131n devlet m\u00fclkiyetinde olmas\u0131yla s\u0131n\u0131rl\u0131d\u0131r ve bunu da sadece Yunanistan s\u0131n\u0131rlar\u0131 i\u00e7inde dikkate almaktad\u0131r.<\/p>\n<h3>Syriza taraf\u0131ndan ekilen tehlikeli yan\u0131lsamalar<\/h3>\n<p>Ba\u011f\u0131l \u00e7o\u011funluk mecliste Syriza&#8217;ya \u00e7o\u011funluk sa\u011flamaya yetebilir. Syriza, Yunanistan&#8217;\u0131n borcunu \u00fc\u00e7te iki azaltmak i\u00e7in \u201cAvrupa borcu hakk\u0131nda bir konferans\u201d talep etmektedir. Acil olarak bor\u00e7 hakk\u0131nda bir moratoryum istemektedir (faiz ve vakti gelen bor\u00e7lar i\u00e7in). Ayn\u0131 zamanda (bankalar\u0131n tekrar sermayelendirilmeleri gibi) baz\u0131 devlet harcamalar\u0131n\u0131n b\u00fct\u00e7e a\u00e7\u0131\u011f\u0131ndan \u00e7\u0131kar\u0131lmalar\u0131n\u0131 da talep etmektedir.<\/p>\n<p>H\u00fck\u00fbmet hangisi olursa olsun troyka&#8217;n\u0131n denetimi baharda kalkacakt\u0131r. Pek az iktisat\u00e7\u0131 Yunan devletinin bir g\u00fcn t\u00fcm bor\u00e7lar\u0131n\u0131 \u00f6deyebilece\u011fini d\u00fc\u015f\u00fcnmektedir (318 milyar avro yani GSY\u0130H&#8217;n\u0131n %175&#8217;i). Syriza daha iktidara gelmeden gerilemeye ba\u015flam\u0131\u015ft\u0131r; destek\u00e7ilerinin bir k\u0131sm\u0131n\u0131n 2012&#8217;deki program\u0131nda borcun tamamen ve tek tarafl\u0131 olarak silinmesinden bahsetti\u011fi zamandan geldi\u011fini unutmamak gerekir. Bu, Syriza&#8217;n\u0131n Yunan burjuvazisinin borcunun bir k\u0131sm\u0131n\u0131 Yunan \u00e7al\u0131\u015fanlar\u0131 taraf\u0131ndan \u00f6denmesini kabul etti\u011fi anlam\u0131na gelir. <\/p>\n<p>Aral\u0131k ay\u0131nda Aleksis \u00c7ipras taraf\u0131ndan sunulan program\u0131n kalan\u0131 \u201cd\u00f6rt dire\u011fe\u201d dayanmaktad\u0131r. \u0130nsani krizi \u00f6nlemek i\u00e7in h\u00fck\u00fbmetin yoksul ailelerin (sadece 300 000) beslenme faturalar\u0131n\u0131 \u00f6demesi, sosyal sigortas\u0131z i\u015fsizler i\u00e7in t\u0131bbi bak\u0131m. B\u00fcy\u00fcmeyi tekrar ba\u015flatmak amac\u0131yla k\u00fc\u00e7\u00fck mal sahipleri i\u00e7in eml\u00e2k vergisinin kald\u0131r\u0131lmas\u0131, bireysel gelir vergisi e\u015fi\u011finin y\u00fckseltilmesi, bir yat\u0131r\u0131m bankas\u0131n\u0131n kurulmas\u0131. \u0130stihdam alan\u0131nda i\u015f hukukuna kar\u015f\u0131 kararlar\u0131n iptali, 751 avroluk asgari maa\u015f\u0131n yeniden getirilmesi ve i\u015fe almalar. Son olarak demokrasiyi yeni kanunlarla sa\u011flamla\u015ft\u0131rmak, ancak kilisenin finanse edilmesi durdurulmadan, bask\u0131 te\u015fkilatlar\u0131 \u00e7\u00f6z\u00fclmeden ve halk\u0131 silahland\u0131rmadan.<\/p>\n<p>Syriza, burjuva devletin ba\u015f\u0131na gelerek Yunan kapitalizminde reform yapmak istemektedir ancak \u00fcretim ara\u00e7lar\u0131n\u0131n \u00f6zel m\u00fclkiyetini sorgulamadan, b\u00fcy\u00fck kapitalist gruplar\u0131 ve kiliseyi kamula\u015ft\u0131rmadan ve NATO&#8217;da kalarak. Tabii ki a\u00e7\u0131klanan tedbirlerin \u00e7o\u011fu ilericidir ve yerine getirilirlerse \u00e7al\u0131\u015fanlar\u0131n deste\u011fini hak ederler. Fakat sermaye ve onun gerek yasal gerek fa\u015fist silahl\u0131 gruplar\u0131 di\u015flerini g\u00f6sterdi\u011finde bu d\u00fczenlemelerin ger\u00e7ekle\u015fmelerinden emin olmak m\u00fcmk\u00fcn de\u011fildir. 1973 y\u0131l\u0131ndaki \u015eili \u00f6rne\u011fi ile 1982 senesindeki Fransa misali reformcular\u0131n egemen s\u0131n\u0131flar\u0131na teslim olduklar\u0131n\u0131 g\u00f6sterir.<\/p>\n<p>Bir\u00e7ok merkezci ak\u0131m (ki buna Fransa&#8217;daki NPA ile ili\u015fkili \u201c4. Enternasyonal de dahildir) kamuoyu yoklamalar\u0131 konusundaki co\u015fkular\u0131n\u0131 saklamamaktad\u0131rlar. Onlara g\u00f6re \u00e7al\u0131\u015fanlar\u0131n sand\u0131ktan \u00f6te Syriza&#8217;n\u0131n politikas\u0131n\u0131 desteklemeleri ve onu daha da \u00f6ne itmeleri yeterli olacakt\u0131r.<\/p>\n<p><em>25 ocak genel se\u00e7imlerinde sa\u011f partilerin \u00f6nemli bir ma\u011flubiyeti ve Syriza&#8217;n\u0131n zaferi Avrupa&#8217;daki kemer s\u0131kma politikalar\u0131yla m\u00fccadelenin \u015feklini de\u011fi\u015ftirebilir.<\/em> (QI, Inprecor, ocak 2015)<\/p>\n<p><em>Kazan\u0131lacak ya da kaybedileceklerin \u00f6nemi y\u00fcksektir\u2014i\u015fte bu nedenle Syriza ve Yunan i\u015f\u00e7i s\u0131n\u0131f\u0131n\u0131n bankalar ile m\u00fccadelesinde ve kemer s\u0131kma kabusunun son bulmas\u0131 i\u00e7in t\u00fcm Avrupa ve d\u00fcnyan\u0131n dayan\u0131\u015fmas\u0131na ihtiyac\u0131 vard\u0131r.<\/em> (ISO, Socialist Worker, ABD, 6 ocak 2015)<\/p>\n<p>Fransa&#8217;da Ye\u015filler, Sol Parti ve Kom\u00fcnist Parti 19 ocakta Syriza&#8217;ya destek mitingi d\u00fczenlemi\u015flerdir. Burjuva Ye\u015filler (EELV) partisi yak\u0131n ge\u00e7mi\u015fte Hollande h\u00fck\u00fbmetine \u00fcye idi, \u00e7al\u0131\u015fanlar\u0131n emekli maa\u015flar\u0131 azalt\u0131ld\u0131\u011f\u0131nda ve Mali&#8217;ye askeri m\u00fcdahalede bulunuldu\u011funda. Kom\u00fcnist Parti ve Sol Partinin kurucusu Jospin h\u00fck\u00fbmetinin bir par\u00e7as\u0131yd\u0131lar, b\u00fcy\u00fck \u00e7apta \u00f6zelle\u015ftirmeler yap\u0131ld\u0131\u011f\u0131nda ve NATO&#8217;nun S\u0131rbistan&#8217;a kar\u015f\u0131 sava\u015f\u0131 s\u0131ras\u0131nda. Ayn\u0131 \u00fclkede, fa\u015fizme kayan FN partisinin Syriza&#8217;ya deste\u011fi, ki bu Syriza&#8217;y\u0131 utand\u0131rmaktad\u0131r, bu partinin program\u0131n\u0131n kapitalizme kar\u015f\u0131 \u00e7\u0131kmad\u0131\u011f\u0131n\u0131n ispat\u0131d\u0131r.<\/p>\n<h3>\u0130\u015f\u00e7i te\u015fkilatlar\u0131n\u0131n burjuvazi ile ili\u015fkilerini sonland\u0131rmalar\u0131 i\u00e7in<\/h3>\n<p>Hi\u00e7bir emek\u00e7i burjuva partilerine oy veremez (PASOK, Yeni Demokrasi, To Potami, Alt\u0131n \u015eafak&#8230;); e\u011fer oy vermek istiyorsa sadece i\u015f\u00e7i hareketinin adaylar\u0131na verebilir (Dimar, Syriza, KKE, Antarsya, OKDE-EP, EEK).<\/p>\n<p>Syriza ile KKE kendi burjuvazileri ve Avrupa burjuvazileri ile ili\u015fkilerini sonland\u0131rsalar Yunanistan&#8217;da ve \u00e7ok daha \u00f6tesinde i\u015f\u00e7i s\u0131n\u0131f\u0131n\u0131n co\u015fkusunu uyand\u0131r\u0131rlar. Ancak bu i\u015f\u00e7i burjuva partiler sadece yeni hayal k\u0131r\u0131kl\u0131lar\u0131na yol a\u00e7maktad\u0131rlar ve b\u00f6ylece bir darbe veya fa\u015fizm riskini art\u0131rmaktad\u0131rlar.<\/p>\n<p>Sosyalizme do\u011fru ilerlemek i\u00e7in emperyalizme ve egemen s\u0131n\u0131fa kar\u015f\u0131 \u00e7\u0131kacak ve kom\u00fcnist bir enternasyonalle ili\u015fkili bir devrimci i\u015f\u00e7i partisi kurmak gerekmektedir.<br \/>\n<b><\/p>\n<ul>\n<li>Kamu borcunun silinmesi! Bankalar\u0131n ve b\u00fcy\u00fck \u015firketlerin kamula\u015ft\u0131r\u0131lmas\u0131!<\/li>\n<li>NATO&#8217;dan \u00e7\u0131k\u0131lmas\u0131! Ordu ve polisin da\u011f\u0131t\u0131lmas\u0131! Polise ve fa\u015fistlere kar\u015f\u0131 halk\u0131n silahland\u0131r\u0131lmas\u0131! Askere \u00e7a\u011fr\u0131lanlar i\u00e7in demokratik haklar!<\/li>\n<li>Kilise ve devletin ayr\u0131lmas\u0131!<\/li>\n<li>Yunan ve g\u00f6\u00e7men \u00e7al\u0131\u015fanlar\u0131n birli\u011fi! \u0130\u015f\u00e7i denetimi i\u00e7in \u015firketlerde, mahallelerde, k\u00f6ylerde ve \u00fcniversitelerde t\u00fcm \u00e7al\u0131\u015fanlar\u0131 toplayan komiteler!<\/li>\n<li>\u0130\u015f\u00e7i ve \u00e7ift\u00e7i h\u00fck\u00fbmeti! T\u00fcrkiye&#8217;yi de kapsayan Sosyalist Avrupa Birle\u015fik Devletleri!<\/li>\n<\/ul>\n<p><\/b><\/p>\n<p><center>22 Ocak 2015<\/center><\/p>\n","protected":false},"excerpt":{"rendered":"<p>\u0130ftiralara, hilelere ve Samaras h\u00fck\u00fbmetinin bask\u0131s\u0131na ra\u011fmen, se\u00e7im kampanyas\u0131na Avrupa Komisyonunun ve Alman h\u00fck\u00fbmetinin kar\u0131\u015fmas\u0131na ra\u011fmen, radikal sol koalisyonu Syriza 25 ocaktaki Yunan genel se\u00e7imlerini kazanacak gibi g\u00f6r\u00fcn\u00fcyor. Avrupa Birli\u011finin&#8230; <a href=\"https:\/\/www.revolucionpermanente.com\/turk\/2015\/01\/22\/yunanistan-borcu-iptal-edecek-isci-ve-ciftci-hukumeti-icin\/\">Daha fazlas\u0131 &raquo;<\/a><\/p>\n","protected":false},"author":1,"featured_media":0,"comment_status":"closed","ping_status":"closed","sticky":false,"template":"","format":"standard","meta":{"footnotes":""},"categories":[1],"tags":[],"class_list":["post-54","post","type-post","status-publish","format-standard","hentry","category-uncategorized"],"_links":{"self":[{"href":"https:\/\/www.revolucionpermanente.com\/turk\/wp-json\/wp\/v2\/posts\/54","targetHints":{"allow":["GET"]}}],"collection":[{"href":"https:\/\/www.revolucionpermanente.com\/turk\/wp-json\/wp\/v2\/posts"}],"about":[{"href":"https:\/\/www.revolucionpermanente.com\/turk\/wp-json\/wp\/v2\/types\/post"}],"author":[{"embeddable":true,"href":"https:\/\/www.revolucionpermanente.com\/turk\/wp-json\/wp\/v2\/users\/1"}],"replies":[{"embeddable":true,"href":"https:\/\/www.revolucionpermanente.com\/turk\/wp-json\/wp\/v2\/comments?post=54"}],"version-history":[{"count":2,"href":"https:\/\/www.revolucionpermanente.com\/turk\/wp-json\/wp\/v2\/posts\/54\/revisions"}],"predecessor-version":[{"id":116,"href":"https:\/\/www.revolucionpermanente.com\/turk\/wp-json\/wp\/v2\/posts\/54\/revisions\/116"}],"wp:attachment":[{"href":"https:\/\/www.revolucionpermanente.com\/turk\/wp-json\/wp\/v2\/media?parent=54"}],"wp:term":[{"taxonomy":"category","embeddable":true,"href":"https:\/\/www.revolucionpermanente.com\/turk\/wp-json\/wp\/v2\/categories?post=54"},{"taxonomy":"post_tag","embeddable":true,"href":"https:\/\/www.revolucionpermanente.com\/turk\/wp-json\/wp\/v2\/tags?post=54"}],"curies":[{"name":"wp","href":"https:\/\/api.w.org\/{rel}","templated":true}]}}