{"id":483,"date":"2024-10-19T12:00:26","date_gmt":"2024-10-19T10:00:26","guid":{"rendered":"https:\/\/www.revolucionpermanente.com\/turk\/?p=483"},"modified":"2024-11-03T20:17:40","modified_gmt":"2024-11-03T19:17:40","slug":"surekli-devrim-kolektifi-icin-tuzuk-teklifi","status":"publish","type":"post","link":"https:\/\/www.revolucionpermanente.com\/turk\/2024\/10\/19\/surekli-devrim-kolektifi-icin-tuzuk-teklifi\/","title":{"rendered":"S\u00fcrekli Devrim Kolektifi i\u00e7in T\u00fcz\u00fck Teklifi"},"content":{"rendered":"<div id='corps_texte'>\n<h3>Tan\u0131m ve hedefler<\/h3>\n<ol>\n<li>S\u00fcrekli Devrim Kolektifi (CoReP), ortaya \u00e7\u0131k\u0131\u015f\u0131ndan bu yana k\u00fcresel i\u015f\u00e7i hareketinin tecr\u00fcbesini \u00f6zetlemeyi ama\u00e7layan bir platform temelinde enternasyonalist kom\u00fcnistlerin beynelmilel bir toplulu\u011fudur.<\/li>\n<li>\u0130lk hedefi, yeni ihtilalci bir i\u015f\u00e7i enternasyonalinin in\u015fas\u0131d\u0131r ki bu, k\u00fcresel proletaryan\u0131n y\u00f6netici s\u0131n\u0131f olarak olu\u015fmas\u0131 i\u00e7in, kapitalist s\u00f6m\u00fcr\u00fc ve onun barbarl\u0131\u011f\u0131na son vermek i\u00e7in vazge\u00e7ilmez bir ara\u00e7t\u0131r.<\/li>\n<li>CoReP\u2019in nihai hedefi, t\u00fcm d\u00fcnyada bask\u0131c\u0131 devletin yerini toplumun i\u015flerinin kolektif y\u00f6netimine b\u0131rakarak yok oldu\u011fu, herkesin ki\u015fisel olarak geli\u015febilece\u011fi, emek\u00e7ilerin demokrasisi temelinde te\u015fkilatlanm\u0131\u015f sosyalist-kom\u00fcnist bir toplum kurulmas\u0131d\u0131r.<\/li>\n<\/ol>\n<h3>Organlar ve i\u00e7 rejim<\/h3>\n<ol start=\"4\">\n<li>CoReP, b\u00f6l\u00fcmleri olarak tan\u0131mlanan te\u015fkilatlardan olu\u015fur. Gelecekteki geli\u015fiminde, CoReP\u2019in program\u0131yla te\u015fkilatlanma ilkelerini benimseyen militanlar ve gruplar hayatlar\u0131n\u0131 idame ettikleri ve \u00e7al\u0131\u015ft\u0131klar\u0131 devlette bir b\u00f6l\u00fcm-te\u015fkilat olu\u015fturacaklard\u0131r. Bu b\u00f6l\u00fcm, gelecekteki enternasyonalin bir par\u00e7as\u0131 olacak o b\u00f6lgedeki ihtilalci partinin in\u015fas\u0131n\u0131 hedef edinecektir.<\/li>\n<li>Yerel, mill\u00ee ve k\u00fcresel \u00f6l\u00e7ekte CoReP\u2019in dahili rejimi, merkeziyet\u00e7i demokrasi ilkeleri ve prati\u011fi ile belirlenecektir: tart\u0131\u015fmada tam h\u00fcrriyet, faaliyette tam birlik.\n<p>Az\u0131nl\u0131klar\u0131n ifade ve (bu y\u00f6nde karar al\u0131rlarsa, e\u011filim veya fraksiyon olarak) te\u015fkilatlanma h\u00fcrriyetlerine h\u00fcrmet g\u00f6stermek  ve onlar\u0131n oransal olarak en az\u0131ndan mill\u00ee ve beynelmilel konferanslarda temsil edilmeleri vazge\u00e7ilmezdir.<\/li>\n<\/ol>\n<h3>Enternasyonal konferans<\/h3>\n<ol start=\"6\">\n<li>CoReP\u2019in k\u00fcrsel \u00f6l\u00e7ekte en y\u00fcksek kurumu, t\u00fcm m\u00fchim siyasi meselelerde beynelmilel te\u015fkilat\u0131n ve b\u00f6l\u00fcmlerin politikas\u0131n\u0131 tan\u0131mlayan, kararnameleri kabul eden ve te\u015fkilatlanma meselelerinde ve dahili ihtilaflarda son karar\u0131 veren enternasyonal konferanst\u0131r.\n<p>Enternasyonal konferans t\u00fcm b\u00f6l\u00fcmlerin delegelerinden veya onlar\u0131n yetki verilmi\u015f temsilcilerinden olu\u015fur; se\u00e7ilmi\u015ftir ve en az her iki senede bir toplan\u0131r. Normalde Enternasyonal Y\u00fcr\u00fctme Komitesi (EYK, a\u015fa\u011f\u0131ya bak\u0131n) taraf\u0131ndan toplant\u0131ya \u00e7a\u011fr\u0131l\u0131r ve ola\u011fan\u00fcst\u00fc oturum i\u00e7in mill\u00ee b\u00f6l\u00fcmlerin \u00fc\u00e7te birinden fazlas\u0131 taraf\u0131ndan toplant\u0131ya \u00e7a\u011fr\u0131labilir.<\/li>\n<li>Her enternasyonal konferans, ismi Enternasyonal Y\u00fcr\u00fctme Komitesi olan y\u00f6netim organ\u0131yla muhasebenin kontrol\u00fc ve ihtilaflar\u0131n \u00e7\u00f6z\u00fcm\u00fc i\u00e7in iki ba\u011f\u0131ms\u0131z komisyonu se\u00e7er.<\/li>\n<\/ol>\n<h3>Enternasyonal Y\u00fcr\u00fctme Komitesi<\/h3>\n<ol start=\"8\">\n<li>\u0130ki enternasyonal konferans aras\u0131nda, beynelmilel y\u00f6netim vazifesi mill\u00ee b\u00f6l\u00fcmlerden tek say\u0131l\u0131 mensuplardan olu\u015fan ve beynelmilel konferans taraf\u0131ndan se\u00e7ilen Enternasyonal Y\u00fcr\u00fctme Komitesi\u2019ne  verilir.\n<p>Enternasyonal Y\u00fcr\u00fctme Komitesi en az her iki ayda bir toplan\u0131r.  EYK, mensuplar\u0131n\u0131n ekseriyetinin karar\u0131yla veya en az \u00fc\u00e7 mill\u00ee y\u00f6netim taraf\u0131ndan ola\u011fan\u00fcst\u00fc oturuma \u00e7a\u011fr\u0131labilir.<\/p>\n<p>EYK, t\u00fcm beynelmilel te\u015fkilat \u00f6n\u00fcnde al\u0131nan kararlar\u0131n uygulanmas\u0131ndan ve enternasyonal konferans taraf\u0131ndan kabul edilen siyasal \u00e7izginin uygulanmas\u0131ndan mesuld\u00fcr.<\/li>\n<\/ol>\n<h3>B\u00f6l\u00fcmler<\/h3>\n<ol start=\"9\">\n<li>Herhangi bir devlette S\u00fcrekli Devrim Kolektifi\u2019nin tek bir b\u00f6l\u00fcm\u00fc mevcut olabilir, yani her bir devlet i\u00e7in tek bir te\u015fkilat mensup olabilir, buna \u00e7ok uluslu devletler istisnad\u0131r, ezilen millet i\u00e7in bir b\u00f6l\u00fcm enternasyonal konferans\u0131n ekseriyetinin karar\u0131yla kabul edilir.\n<p>Hen\u00fcz mevcut olmad\u0131\u011f\u0131 bir devlette yeni bir b\u00f6l\u00fcm\u00fcn olu\u015fmas\u0131 veya tan\u0131nmas\u0131 i\u00e7in prosed\u00fcr ve somut ad\u0131mlar her bir durum i\u00e7in Enternasyonal Y\u00fcr\u00fctme Komitesi taraf\u0131ndan olu\u015fturulur ve enternasyonal konferans\u0131n onay\u0131na sunulur.<\/li>\n<li>B\u00f6l\u00fcmler, devletlerinde CoReP\u2019in kararlar\u0131n\u0131 yay\u0131nlamakla, enternasyonal konferans\u0131n kararlar\u0131na uymakla ve iki konferans aras\u0131nda Enternasyonal Y\u00fcr\u00fctme Komitesi\u2019nin kararlar\u0131na uymakla y\u00fck\u00fcml\u00fcd\u00fcrler. Bir sonraki beynelmilel konferans esnas\u0131nda itiraz hakk\u0131na sahiptirler.<\/li>\n<li>Mill\u00ee b\u00f6l\u00fcmler, beynelmilel ihtiya\u00e7lar i\u00e7in S\u00fcrekli Devrim Kolektifi\u2019nin kasas\u0131na muntazam i\u015ftirak \u00f6demesi yaparlar (alt\u0131 ayda bir veya senede bir). Bu \u00f6demeler, mensup say\u0131s\u0131yla ve b\u00f6l\u00fcm\u00fcn ekonomik imk\u00e2nlar\u0131yla orant\u0131l\u0131 olacakt\u0131r.<\/li>\n<li>Mill\u00ee bir b\u00f6l\u00fcm, her an Enternasyonal Y\u00fcr\u00fctme Komitesi\u2019ne mensup bir \u00fcyenin \u00fcyeli\u011finin iptalini veya yerine ba\u015fka birinin atanmas\u0131n\u0131 teklif edebilir. Bunun, EYK mensuplar\u0131n\u0131n salt ekseriyeti taraf\u0131ndan kabul edilmesi icap eder.<\/li>\n<li>Enternasyonal Y\u00fcr\u00fctme Komitesi, durumu g\u00f6z \u00f6n\u00fcne ald\u0131ktan ve alakal\u0131 te\u015fkilat\u0131n veya ki\u015filerin g\u00f6r\u00fc\u015f\u00fcn\u00fc ald\u0131ktan sonra bir b\u00f6l\u00fcm\u00fcn veya ki\u015finin S\u00fcrekli Devrim Kolektifi\u2019nden ihra\u00e7 edilmesini teklif edebilir. \u0130hra\u00e7 kararlar\u0131, a\u015fa\u011f\u0131daki \u015fartlarda uygulanabilir olurlar:\n<ul>\n<li>Ki\u015filer i\u00e7in: ihra\u00e7lar\u0131, mensup olduklar\u0131 b\u00f6l\u00fcm\u00fcn y\u00f6netimi taraf\u0131ndan teyit edildi\u011finde.<\/li>\n<li>Mill\u00ee b\u00f6l\u00fcmler i\u00e7in: b\u00f6l\u00fcmlerin ekseriyeti taraf\u0131ndan teyit edildi\u011finde.<\/li>\n<\/ul>\n<\/li>\n<\/ol>\n<h3>Kontrol birimleri<\/h3>\n<ol start=\"14\">\n<li>Her enternasyonal konferans, Enternasyonal Y\u00fcr\u00fctme Komitesi\u2019nden ba\u011f\u0131ms\u0131z iki komisyon se\u00e7er, bunlar\u0131n yetkileri sonraki konferansa raporlar\u0131n\u0131 sunduklar\u0131nda sona erer. Enternasyonal Konferans\u2019ta kendilerini ifade eden siyasi az\u0131nl\u0131klar durumunda, bunlar her iki komisyonda oransal olarak temsil edilir.\n<ol type=\"a\" style=\"list-style-type:lower-latin;\">\n<li>Muhasebe Kontrol Komisyonu, S\u00fcrekli Devrim Kolektifi\u2019nin gelir ve harcamalar\u0131n\u0131 kontrol etmekle y\u00fck\u00fcml\u00fcd\u00fcr.<\/li>\n<li>\u0130htilaf komisyonu, ilk a\u015fama olarak b\u00f6l\u00fcmler aras\u0131 olas\u0131 ihtilaflar mevzusunda karar almakla y\u00fck\u00fcml\u00fcd\u00fcr. Bu durumda kararlar\u0131na, EYK ve enternasyonal konferans nezdinde itiraz edilebilir. Militanlar ve b\u00f6l\u00fcmleri aras\u0131ndaki olas\u0131 ihtilaflarda, kendi te\u015fkilatlar\u0131n\u0131n organlar\u0131 taraf\u0131ndan tatmin edici bir \u015fekilde \u00e7\u00f6z\u00fclemedi\u011fi durumlarda nihai karar vermekle y\u00fck\u00fcml\u00fcd\u00fcr. Bu durumda, Enternasyonal \u0130htilaf Komisyonu\u2019nun kararlar\u0131na itiraz edilemez.<\/li>\n<\/ol>\n<\/li>\n<\/ol>\n<h3>T\u00fcz\u00fc\u011f\u00fcn de\u011fi\u015ftirilmesi<\/h3>\n<ol start=\"15\">\n<li>\u0130\u015fbu t\u00fcz\u00fck, sadece bir enternasyonal konferans esnas\u0131nda \u00fc\u00e7te ikilik bir ekseriyet oyuyla de\u011fi\u015ftirilebilir.<\/li>\n<\/ol>\n<\/div>\n","protected":false},"excerpt":{"rendered":"<p>Tan\u0131m ve hedefler S\u00fcrekli Devrim Kolektifi (CoReP), ortaya \u00e7\u0131k\u0131\u015f\u0131ndan bu yana k\u00fcresel i\u015f\u00e7i hareketinin tecr\u00fcbesini \u00f6zetlemeyi ama\u00e7layan bir platform temelinde enternasyonalist kom\u00fcnistlerin beynelmilel bir toplulu\u011fudur. \u0130lk hedefi, yeni ihtilalci bir&#8230; <a href=\"https:\/\/www.revolucionpermanente.com\/turk\/2024\/10\/19\/surekli-devrim-kolektifi-icin-tuzuk-teklifi\/\">Daha fazlas\u0131 &raquo;<\/a><\/p>\n","protected":false},"author":1,"featured_media":0,"comment_status":"closed","ping_status":"closed","sticky":false,"template":"","format":"standard","meta":{"footnotes":""},"categories":[1],"tags":[],"class_list":["post-483","post","type-post","status-publish","format-standard","hentry","category-uncategorized"],"_links":{"self":[{"href":"https:\/\/www.revolucionpermanente.com\/turk\/wp-json\/wp\/v2\/posts\/483","targetHints":{"allow":["GET"]}}],"collection":[{"href":"https:\/\/www.revolucionpermanente.com\/turk\/wp-json\/wp\/v2\/posts"}],"about":[{"href":"https:\/\/www.revolucionpermanente.com\/turk\/wp-json\/wp\/v2\/types\/post"}],"author":[{"embeddable":true,"href":"https:\/\/www.revolucionpermanente.com\/turk\/wp-json\/wp\/v2\/users\/1"}],"replies":[{"embeddable":true,"href":"https:\/\/www.revolucionpermanente.com\/turk\/wp-json\/wp\/v2\/comments?post=483"}],"version-history":[{"count":1,"href":"https:\/\/www.revolucionpermanente.com\/turk\/wp-json\/wp\/v2\/posts\/483\/revisions"}],"predecessor-version":[{"id":484,"href":"https:\/\/www.revolucionpermanente.com\/turk\/wp-json\/wp\/v2\/posts\/483\/revisions\/484"}],"wp:attachment":[{"href":"https:\/\/www.revolucionpermanente.com\/turk\/wp-json\/wp\/v2\/media?parent=483"}],"wp:term":[{"taxonomy":"category","embeddable":true,"href":"https:\/\/www.revolucionpermanente.com\/turk\/wp-json\/wp\/v2\/categories?post=483"},{"taxonomy":"post_tag","embeddable":true,"href":"https:\/\/www.revolucionpermanente.com\/turk\/wp-json\/wp\/v2\/tags?post=483"}],"curies":[{"name":"wp","href":"https:\/\/api.w.org\/{rel}","templated":true}]}}