{"id":474,"date":"2024-07-12T12:00:53","date_gmt":"2024-07-12T10:00:53","guid":{"rendered":"https:\/\/www.revolucionpermanente.com\/turk\/?p=474"},"modified":"2024-07-16T19:47:07","modified_gmt":"2024-07-16T17:47:07","slug":"ukraynali-militan-bogdan-syrotiuka-hurriyet","status":"publish","type":"post","link":"https:\/\/www.revolucionpermanente.com\/turk\/2024\/07\/12\/ukraynali-militan-bogdan-syrotiuka-hurriyet\/","title":{"rendered":"Ukraynal\u0131 militan Bogdan Syrotiuk\u2019a h\u00fcrriyet"},"content":{"rendered":"<div id='corps_texte'>\nS\u00fcrekli Devrim Kolektifi, Ukrayna makamlar\u0131 taraf\u0131ndan s\u00f6zde \u201cRus menfaatlerine destek\u201d sebebiyle g\u00f6zalt\u0131na al\u0131nan ve 15 seneye kadar hapis riski alt\u0131nda olan yolda\u015f Bogdan Syrotiuk\u2019un derhal sal\u0131verilmesi \u00e7a\u011fr\u0131s\u0131na destek verdi\u011fini beyan eder.<\/p>\n<p>\u0130\u015fin asl\u0131nda Ukrayna h\u00fckumetiyle gizli servisleri Syrotiuk\u2019a Tro\u00e7kist oldu\u011funu ifade etti\u011fi ve WSWS sitesiyle i\u015fbirli\u011fi yapt\u0131\u011f\u0131 i\u00e7in bask\u0131 uygulamaktad\u0131rlar. Her ne kadar Ukrayna mevzusunda bu ak\u0131m\u0131n tav\u0131rlar\u0131yla b\u00fcy\u00fck farkl\u0131l\u0131klar\u0131m\u0131z olsa  da (harbin NATO ve Rus emperyalizmi aras\u0131nda \u201cvekaleten bir harp\u201d olarak de\u011ferlendirilmesi, Zelenski rejiminin fa\u015fist olarak tan\u0131mlanmas\u0131), Bogdan\u2019\u0131 t\u00fcm proleter mahpuslar\u0131 savundu\u011fumuz gibi burjuva Ukrayna h\u00fckumetinin bask\u0131s\u0131na kar\u015f\u0131 m\u00fcdafaa ediyoruz.<\/p>\n<p>Bogdan Syrotiuk i\u00e7in h\u00fcrriyet!<\/p>\n<p>Fikirleri i\u00e7in bask\u0131 g\u00f6ren b\u00fct\u00fcn Ukraynal\u0131 i\u015f\u00e7i militanlar\u0131 i\u00e7in h\u00fcrriyet!<\/p>\n<p><center> CoReP (Arjantin, Avusturya, Fransa, \u0130spanya, T\u00fcrkiye)<\/center><\/p>\n<\/div>\n","protected":false},"excerpt":{"rendered":"<p>S\u00fcrekli Devrim Kolektifi, Ukrayna makamlar\u0131 taraf\u0131ndan s\u00f6zde \u201cRus menfaatlerine destek\u201d sebebiyle g\u00f6zalt\u0131na al\u0131nan ve 15 seneye kadar hapis riski alt\u0131nda olan yolda\u015f Bogdan Syrotiuk\u2019un derhal sal\u0131verilmesi \u00e7a\u011fr\u0131s\u0131na destek verdi\u011fini beyan&#8230; <a href=\"https:\/\/www.revolucionpermanente.com\/turk\/2024\/07\/12\/ukraynali-militan-bogdan-syrotiuka-hurriyet\/\">Daha fazlas\u0131 &raquo;<\/a><\/p>\n","protected":false},"author":1,"featured_media":0,"comment_status":"closed","ping_status":"closed","sticky":false,"template":"","format":"standard","meta":{"footnotes":""},"categories":[1],"tags":[],"class_list":["post-474","post","type-post","status-publish","format-standard","hentry","category-uncategorized"],"_links":{"self":[{"href":"https:\/\/www.revolucionpermanente.com\/turk\/wp-json\/wp\/v2\/posts\/474","targetHints":{"allow":["GET"]}}],"collection":[{"href":"https:\/\/www.revolucionpermanente.com\/turk\/wp-json\/wp\/v2\/posts"}],"about":[{"href":"https:\/\/www.revolucionpermanente.com\/turk\/wp-json\/wp\/v2\/types\/post"}],"author":[{"embeddable":true,"href":"https:\/\/www.revolucionpermanente.com\/turk\/wp-json\/wp\/v2\/users\/1"}],"replies":[{"embeddable":true,"href":"https:\/\/www.revolucionpermanente.com\/turk\/wp-json\/wp\/v2\/comments?post=474"}],"version-history":[{"count":1,"href":"https:\/\/www.revolucionpermanente.com\/turk\/wp-json\/wp\/v2\/posts\/474\/revisions"}],"predecessor-version":[{"id":475,"href":"https:\/\/www.revolucionpermanente.com\/turk\/wp-json\/wp\/v2\/posts\/474\/revisions\/475"}],"wp:attachment":[{"href":"https:\/\/www.revolucionpermanente.com\/turk\/wp-json\/wp\/v2\/media?parent=474"}],"wp:term":[{"taxonomy":"category","embeddable":true,"href":"https:\/\/www.revolucionpermanente.com\/turk\/wp-json\/wp\/v2\/categories?post=474"},{"taxonomy":"post_tag","embeddable":true,"href":"https:\/\/www.revolucionpermanente.com\/turk\/wp-json\/wp\/v2\/tags?post=474"}],"curies":[{"name":"wp","href":"https:\/\/api.w.org\/{rel}","templated":true}]}}