{"id":324,"date":"2021-05-31T12:00:00","date_gmt":"2021-05-31T10:00:00","guid":{"rendered":"http:\/\/www.revolucionpermanente.com\/turk\/?p=324"},"modified":"2021-06-02T11:36:56","modified_gmt":"2021-06-02T09:36:56","slug":"pst-cezayir-ile-dayanisma-bildirimi","status":"publish","type":"post","link":"https:\/\/www.revolucionpermanente.com\/turk\/2021\/05\/31\/pst-cezayir-ile-dayanisma-bildirimi\/","title":{"rendered":"PST\/Cezayir ile dayan\u0131\u015fma bildirimi"},"content":{"rendered":"\n<div id=\"corps_texte\">\n<img decoding=\"async\" style=\"width:80%;\" class=\"images\" src=\"\/images\/PST-Algerie_02062021.jpg\" alt=\"PST\/Cezayir\"><br>\n\n<quote class=\"citations\">Demokratik hareketin iki partisi \u2013 l\u2019Union pour le changement et le progr\u00e8s (yani De\u011fi\u015fim ve Geli\u015fim i\u00e7in Birlik, UCP) ve Parti socialiste des travailleurs (yani Emek\u00e7ilerin Sosyalist Partisi, PST) \u2013 ask\u0131ya al\u0131nma tehdidi ile kar\u015f\u0131 kar\u015f\u0131yad\u0131r. \u0130\u00e7i\u015fleri Bakanl\u0131\u011f\u0131, PT, RCD ve MDS gibi ba\u015fka siyasi olu\u015fumlar\u0131 da b\u00fcnyesine bulunduran Demokratik bir Alternatif i\u00e7in Birlik (PAD) mensubu bu partilerin y\u00f6netimlerine kar\u015f\u0131 yarg\u0131y\u0131 harekete ge\u00e7irmi\u015ftir. PAD kuvvetleri 12 haziran tarihindeki genel se\u00e7imlere i\u015ftirak etmemeye karar vermi\u015flerdir, \u00e7\u00fcnk\u00fc onlar i\u00e7in bu se\u00e7im \u201c\u00fclkeyi sarsmakta olan \u00e7ok boyutlu krize bir \u00e7\u00f6z\u00fcm olu\u015fturmamaktad\u0131r\u201d. (El Vatan, 25 may\u0131s 2021)<\/quote><br><br>\n\nS\u00fcrekli Devrim Kolektifi, PT\u2019nin ve MDS\u2019inki gibi Kurucu Meclis talebi eksenine odaklanan Emek\u00e7ilerin Sosyalist Partisi\u2019nin siyasi istikametini onaylamamaktad\u0131r, \u201cliberal\u201d ve \u201cdemokratik\u201d burjuva partiler ile (RCD, UCP\u2026) halk cephesi t\u00fcr\u00fcndeki ittifaklar\u0131n\u0131 (PAD) onaylamad\u0131\u011f\u0131 gibi, fakat proleter dayan\u0131\u015fmas\u0131n\u0131 beyan eder ve PST \u00fczerindeki tehditlere kar\u015f\u0131 protestoda bulunur.<br><br>\n\nTebbun h\u00fckumeti grev yapan emek\u00e7ilere, Hirak hareketi g\u00f6stericilerine, i\u015f\u00e7i te\u015fkilatlar\u0131na, gazetecilere, Berberilere\u2026 iftira etmekte, bask\u0131 uygulamakta ve onlar\u0131 tehdit etmektedir. \u00d6\u011frencilerin ve e\u011fitim emek\u00e7ilerinin g\u00f6sterilerini yasaklamaktad\u0131r. Polisleri, hakimleri ve hapishane gardiyanlar\u0131, muhalifleri sindirmekte, d\u00f6vmekte, g\u00f6zalt\u0131na almakta, cezaland\u0131rmakta, hapse atmakta ve \u0131rzlar\u0131na ge\u00e7mektedir.<br><br>\n\nPST\u2019ye (ve UCP\u2019ye) kar\u015f\u0131 hi\u00e7bir yasal takipte bulunulmas\u0131n! Demokratik h\u00fcrriyetlere sayg\u0131 duyulsun, bilhassa g\u00f6steri, te\u015fkilatlanma, bilgilendirme ve grev yapma haklar\u0131na! Hapse at\u0131lan t\u00fcm g\u00f6stericiler, grevciler, militanlar, gazeteciler i\u00e7in h\u00fcrriyet! Yasal i\u015flemler sonland\u0131r\u0131ls\u0131n ve t\u00fcm siyasi cezalar iptal edilsin!<br><br>\n\n\n<center>31 may\u0131s 2021<\/center><br>\n\n<center>S\u00fcrekli Devrim Kolektifi (Avusturya, Fransa, \u0130spanya, T\u00fcrkiye)<\/center>\n<\/div>\n","protected":false},"excerpt":{"rendered":"<p>Demokratik hareketin iki partisi \u2013 l\u2019Union pour le changement et le progr\u00e8s (yani De\u011fi\u015fim ve Geli\u015fim i\u00e7in Birlik, UCP) ve Parti socialiste des travailleurs (yani Emek\u00e7ilerin Sosyalist Partisi, PST) \u2013&#8230; <a href=\"https:\/\/www.revolucionpermanente.com\/turk\/2021\/05\/31\/pst-cezayir-ile-dayanisma-bildirimi\/\">Daha fazlas\u0131 &raquo;<\/a><\/p>\n","protected":false},"author":1,"featured_media":328,"comment_status":"closed","ping_status":"closed","sticky":false,"template":"","format":"standard","meta":{"footnotes":""},"categories":[1],"tags":[],"class_list":["post-324","post","type-post","status-publish","format-standard","has-post-thumbnail","hentry","category-uncategorized"],"_links":{"self":[{"href":"https:\/\/www.revolucionpermanente.com\/turk\/wp-json\/wp\/v2\/posts\/324","targetHints":{"allow":["GET"]}}],"collection":[{"href":"https:\/\/www.revolucionpermanente.com\/turk\/wp-json\/wp\/v2\/posts"}],"about":[{"href":"https:\/\/www.revolucionpermanente.com\/turk\/wp-json\/wp\/v2\/types\/post"}],"author":[{"embeddable":true,"href":"https:\/\/www.revolucionpermanente.com\/turk\/wp-json\/wp\/v2\/users\/1"}],"replies":[{"embeddable":true,"href":"https:\/\/www.revolucionpermanente.com\/turk\/wp-json\/wp\/v2\/comments?post=324"}],"version-history":[{"count":8,"href":"https:\/\/www.revolucionpermanente.com\/turk\/wp-json\/wp\/v2\/posts\/324\/revisions"}],"predecessor-version":[{"id":335,"href":"https:\/\/www.revolucionpermanente.com\/turk\/wp-json\/wp\/v2\/posts\/324\/revisions\/335"}],"wp:featuredmedia":[{"embeddable":true,"href":"https:\/\/www.revolucionpermanente.com\/turk\/wp-json\/wp\/v2\/media\/328"}],"wp:attachment":[{"href":"https:\/\/www.revolucionpermanente.com\/turk\/wp-json\/wp\/v2\/media?parent=324"}],"wp:term":[{"taxonomy":"category","embeddable":true,"href":"https:\/\/www.revolucionpermanente.com\/turk\/wp-json\/wp\/v2\/categories?post=324"},{"taxonomy":"post_tag","embeddable":true,"href":"https:\/\/www.revolucionpermanente.com\/turk\/wp-json\/wp\/v2\/tags?post=324"}],"curies":[{"name":"wp","href":"https:\/\/api.w.org\/{rel}","templated":true}]}}