{"id":177,"date":"2018-11-05T12:00:03","date_gmt":"2018-11-05T11:00:03","guid":{"rendered":"http:\/\/www.revolucionpermanente.com\/turk\/?p=177"},"modified":"2021-02-05T16:11:05","modified_gmt":"2021-02-05T15:11:05","slug":"brezilya-fasist-baskan-ve-genelkurmaya-karsi-birlesik-isci-cephesi","status":"publish","type":"post","link":"https:\/\/www.revolucionpermanente.com\/turk\/2018\/11\/05\/brezilya-fasist-baskan-ve-genelkurmaya-karsi-birlesik-isci-cephesi\/","title":{"rendered":"Brezilya: fa\u015fist ba\u015fkan ve genelkurmaya kar\u015f\u0131 birle\u015fik i\u015f\u00e7i cephesi!"},"content":{"rendered":"<div id=\"corps_texte\">28 ekim pazar g\u00fcn\u00fc, Brezilya\u2019da gelen se\u00e7imlerin ikinci turu yap\u0131ld\u0131. Sermayenin favori aday\u0131 ve askeri diktat\u00f6rl\u00fck yanl\u0131s\u0131 Bolsonaro, ikinci turda oylar\u0131n %56\u2019s\u0131 ile se\u00e7imi kazand\u0131. \u0130\u015f\u00e7i s\u0131n\u0131f\u0131ndan gelen partilerin t\u00fcm\u00fc (PT-PCdoB, PDT, PSOL\u2026) birinci turda oylar\u0131n sadece %42\u2019sini alabilmi\u015fti. Se\u00e7ime kat\u0131lmayanlar\u0131n oran\u0131 kay\u0131tl\u0131 se\u00e7menlerin %21\u2019ini a\u015ft\u0131. Bo\u015f ve ge\u00e7ersiz oylar neredeyse %10\u2019a ula\u015f\u0131yordu. Bolsonaro\u2019nun PSL partisi yasama se\u00e7imlerinde oylar\u0131n %12\u2019sinden d\u00fc\u015f\u00fck bir oranda kald\u0131, PT oylar\u0131n %10\u2019undan y\u00fcksek bir oranda oy toplad\u0131, ba\u015fka hi\u00e7bir parti %10 oran\u0131n\u0131 ge\u00e7emedi. <!--more--><\/p>\n<h3>Bolsonaro yeni bir i\u015f\u00e7i kar\u015f\u0131t\u0131 diktat\u00f6rl\u00fck haz\u0131rlamaktad\u0131r<\/h3>\n<p>Aday Bolsonaro\u2019nun en sevdi\u011fi jest, bir tabancayla idam etmeyi taklit etmekti. Yeni ba\u015fkan program\u0131n\u0131 a\u00e7\u0131k\u00e7a ilan etti: \u201c<em>Brezilya\u2019da e\u015fi g\u00f6r\u00fclmemi\u015f bir tasfiye haz\u0131rlamak, \u00fclkenin marjinal k\u0131z\u0131llardan temizlenmesini h\u0131zland<\/em><em>\u0131rmak<\/em>\u201d, \u201c<em>ter\u00f6rist\u201d<\/em> olarak adland\u0131rd\u0131\u011f\u0131 topra\u011f\u0131 olmayan k\u00f6yl\u00fclerin hareketine son vermek. Kendisi Dilma Roussef\u2019i azleden ve Lula\u2019y\u0131 hapse atan hakim Moro\u2019yu \u201c<em>Adalet<\/em>\u201d bakan\u0131 olarak atamak istemektedir. G\u00fcvensizlikle m\u00fccadele kisvesi alt\u0131nda Bolsonaro kendi milislerini olu\u015fturmak ve polis ile orduyu i\u015f\u00e7i s\u0131n\u0131f\u0131na sald\u0131rtmak istemektedir. Yanda\u015flar\u0131 i\u00e7in silahlara serbest eri\u015fim sa\u011flanmas\u0131na izin vermek ve polis ile askerlerin su\u00e7lu oldu\u011fundan \u015f\u00fcphelenilenleri infaz etmelerinin \u00f6n\u00fcn\u00fc a\u00e7mak istemektedir. Se\u00e7im kampanyas\u0131 s\u0131ras\u0131nda i\u015f\u00e7i hareketinin, e\u015f\u00e7insellerin, feministlerin, siyahilerin, \u00f6\u011frencilerin\u2026 militanlar\u0131n bir\u00e7o\u011funa kar\u015f\u0131 sald\u0131r\u0131lar ger\u00e7ekle\u015fmi\u015ftir.<\/p>\n<p>Bolsonaro \u201c<em>k\u0131z\u0131llardan<\/em>\u201d kurtulmak istiyorsa, bu, kendi s\u0131n\u0131f\u0131 yani burjuvazi ad\u0131na ellerinin serbest olmas\u0131n\u0131 istedi\u011findendir. Genelkurmay\u0131n yard\u0131m\u0131yla, b\u00fcy\u00fck gruplar ve toprak sahiplerinin finansal deste\u011fiyle ve k\u0131tan\u0131n emperyalist devletinin y\u00fcreklendirmesiyle Bolsonaro, kamu \u015firketlerini \u00f6zelle\u015ftirmek, i\u015f\u00e7i maa\u015flar\u0131n\u0131 ve burslar\u0131 s\u0131n\u0131rland\u0131rmak, \u015firketlerin vergilerini d\u00fc\u015f\u00fcrmek, do\u011frudan vergileri artt\u0131rmak, \u00e7al\u0131\u015fma ko\u015fullar\u0131n\u0131 esnekle\u015ftirmek, \u00e7evre i\u00e7in yap\u0131lan harcamalar\u0131 k\u0131smak, yerli halklar\u0131n t\u00fcm haklar\u0131n\u0131 hi\u00e7e sayarak Amazon b\u00f6lgesinin engelsiz ya\u011fmalanmas\u0131n\u0131n \u00f6n\u00fcn\u00fc a\u00e7mak, vs. istemektedir. Birinci turun ard\u0131ndan onun beklenen zaferi borsada fevkalade bir art\u0131\u015f ile kar\u015f\u0131lanm\u0131\u015ft\u0131r.<\/p>\n<h3>Lula ile PT\u2019nin burjuvaziye boyun e\u011fmeleri gericili\u011fin yolunu a\u00e7m\u0131\u015ft\u0131r<\/h3>\n<p>Bu noktaya nas\u0131l gelinmi\u015ftir? Ekim 2007\u2019de Lula\u2019n\u0131n ilk defa ba\u015fkan se\u00e7ilmesinden 2018 senesinin sonunda i\u015f\u00e7i hareketinin ezilmesi tehdidine nas\u0131l gelinmi\u015ftir?<\/p>\n<p>Bu, Lula ile PT\u2019nin ihanetinin, burjuva devletin (yarg\u0131 sisteminin, polisin, ordunun\u2026) kabul\u00fcn\u00fcn, Brezilya kapitalizminin m\u00fcdafaas\u0131n\u0131n, s\u00f6m\u00fcrenlerle (tar\u0131m, sanayi, finans kapitalistleriyle) m\u00fccadelenin reddedilmesinin, burjuva partilerle (PSDB, PMDB\u2026) ittifak\u0131n bir neticesidir. Lula ile PT ne halk\u0131 silahland\u0131rmaya cesaret etmi\u015f ne de kapitalistlerin varl\u0131klar\u0131n\u0131 kamula\u015ft\u0131rmaya ba\u015flam\u0131\u015ft\u0131r.<\/p>\n<p>Dolay\u0131s\u0131yla kapitalist az\u0131nl\u0131k t\u00fcm ekonomik g\u00fcc\u00fcn\u00fc (\u00fcretim ara\u00e7lar\u0131n\u0131n m\u00fclkiyetini, s\u00f6m\u00fcrme ve i\u015ften \u00e7\u0131karma kabiliyetini) ve siyasi g\u00fcc\u00fcn \u00f6nemli k\u0131sm\u0131n\u0131 (hizmetinde olan bask\u0131 ayg\u0131tlar\u0131n\u0131) elinde tutmu\u015ftur.<\/p>\n<p>\u201cHalk cephesi\u201d t\u00fcr\u00fc h\u00fckumetlerin siyasetleri, kapitalist kriz Brezilya\u2019y\u0131 vurunca en fakirler lehine al\u0131nan \u00f6nlemleri g\u00fcne\u015fteki kar gibi eritmi\u015ftir. 2010 senesinde, ham madde ihracat\u0131n\u0131n ta\u015f\u0131d\u0131\u011f\u0131 iktisadi b\u00fcy\u00fcme h\u00e2l\u00e2 %7,5 de\u011ferindeydi. Bu b\u00fcy\u00fcme, kapitalizmi muhafaza ederken, gelirlerin s\u0131n\u0131rl\u0131 yeniden da\u011f\u0131t\u0131m\u0131na imk\u00e2n sa\u011flamaktayd\u0131. Fakat 2010 senesinde Roussef\u2019in se\u00e7ilmesinin ard\u0131ndan b\u00fcy\u00fcme 2014 y\u0131l\u0131nda %0,2 ile s\u0131n\u0131rla kalm\u0131\u015f, daha sonra ise k\u00fc\u00e7\u00fclme ba\u015flam\u0131\u015ft\u0131.<\/p>\n<h3>Bask\u0131n s\u0131n\u0131f a\u011fustos 2016 tarihinde se\u00e7ilmi\u015f ba\u015fkan\u0131 azletmi\u015ftir<\/h3>\n<p>Ekonomik krizle beraber, Brezilya burjuvazisi faturay\u0131 kendisi yerine kitlelerin \u00f6demesini istemi\u015f ve ayn\u0131 zamanda PT\u2019nin iktidarda olmas\u0131na git gide daha az ho\u015fg\u00f6r\u00fc g\u00f6stermeye ba\u015flam\u0131\u015ft\u0131r. 2013 senesinde d\u00fcnya futbol kupas\u0131n\u0131 misafir etmek i\u00e7in yap\u0131lan \u00e7al\u0131\u015fmalar\u0131 y\u00f6neten b\u00fcy\u00fck in\u015faat \u015firketlerine verilen kamu paras\u0131 11 milyar avroyu bulmu\u015ftur, ayn\u0131 \u015firketler g\u00fcn\u00fcm\u00fczde Bolsonaro\u2019yu desteklemektedirler. Ancak s\u0131n\u0131f i\u015fbirli\u011fine dayal\u0131 Roussef h\u00fckumeti 2015 senesinde devlet okullar\u0131n\u0131n ve Bolsa Familia program\u0131n\u0131n b\u00fct\u00e7elerinde k\u0131s\u0131nt\u0131ya gitmi\u015f, orman katlinin \u00f6n\u00fcn\u00fc a\u00e7m\u0131\u015ft\u0131r\u2026<\/p>\n<p>T\u00fcm d\u00fcnyada \u201creformcu\u201d partilerin y\u00f6neticilerinin iktidara geldiklerinde inanm\u0131\u015f gibi g\u00f6r\u00fcnmeye \u00e7al\u0131\u015ft\u0131klar\u0131n\u0131n aksine, burjuvazi, kendisine verilen tavizlere te\u015fekk\u00fcr olarak isteklerini hi\u00e7bir \u015fekilde k\u0131smaz, tersine kar\u015f\u0131 sald\u0131r\u0131s\u0131n\u0131 haz\u0131rlamak i\u00e7in bu tavizlerden beslenir.<\/p>\n<p>PT partisi, ordunun b\u00fct\u00e7esini %42 oran\u0131nda artt\u0131rarak genelkurmayla uzla\u015fmay\u0131 ba\u015farabilmi\u015f midir? Bu parti, 2010 senesi se\u00e7imlerinin iki turu aras\u0131nda k\u00fcrtaj ile e\u015fcinsel evlikikleri yasala\u015ft\u0131rmama taahh\u00fcd\u00fcyle Evanjelist kiliselerin g\u00f6nl\u00fcn\u00fc almay\u0131 ba\u015farm\u0131\u015f m\u0131d\u0131r? PT, PMDB, PP, PRB partilerini onlar\u0131 h\u00fckumete dahil ederek ve PMDB partisinden Temer\u2019i Dilma Roussef\u2019in yan\u0131na ba\u015fkan yard\u0131mc\u0131s\u0131 olarak atayarak sad\u0131k bir m\u00fcttefik yapmay\u0131 ba\u015farabilmi\u015f midir? Bu partiler 2016 senesinde Roussef\u2019in azledilmesine ve Temer\u2019in onun yerine ge\u00e7mesine, Lula\u2019n\u0131n tekrar aday olmas\u0131n\u0131 yasaklamaya ve hapse at\u0131lmas\u0131na varacak so\u011fuk darbeyi haz\u0131rlam\u0131\u015flard\u0131r! Buna ra\u011fmen, PT ile PCdoB, PROS ad\u0131nda ayn\u0131 t\u00fcr bir partiyle 2018 senesinde se\u00e7im koalisyonuna gitmi\u015flerdir.<\/p>\n<p>Ger\u00e7ekten de burjuvazi, b\u00fcy\u00fck \u015firketleri, y\u00f6neticileri, y\u0131llard\u0131r a\u015f\u0131r\u0131 \u00fccret talep etmekte, \u00f6zellikle kamu i\u015flerinde devasa operasyonlar i\u00e7in yolsuzluk yapmaktad\u0131rlar. Ve yine burjuvazi, onun devleti ile yarg\u0131 sistemi, t\u00fcm se\u00e7ilenlerin dahil olduklar\u0131 yolsuzluklar\u0131 ayd\u0131nlatmak i\u00e7in Lava Jato operasyonunu ba\u015flatm\u0131\u015flard\u0131r, ancak bu operasyon sadece PT ve y\u00f6neticilerine odaklanm\u0131\u015ft\u0131r.<\/p>\n<p>B\u00f6ylece orduda \u00f6\u011frendi\u011fi milliyet\u00e7i ve dinci \u201c<em>Her \u015feyden \u00f6nce Brezilya, herkesin \u00fczerinde tanr\u0131\u201d<\/em> slogan\u0131 ile eski vasat asker ve marjinal milletvekili Bolsonaro, yolsuzlukla m\u00fccadelenin \u015fampiyonu gibi g\u00f6r\u00fcnebilmi\u015ftir, ki \u00f6zel medyalar\u0131n \u00e7o\u011funlu\u011fu birka\u00e7 zengin aileye aittir ve bu aileler de Bolsonaro\u2019yu desteklemi\u015ftir. Halk cephesi, Fransa\u2019da 1936 ila 1937 senelerinde, \u0130spanya\u2019da 1936 ila 1938 senelerinde, \u015eili\u2019de 1971 ila 1973 senelerinde oldu\u011fu gibi gericili\u011fin \u00f6n\u00fcn\u00fc a\u00e7m\u0131\u015f, kitlelerin bir k\u0131sm\u0131n\u0131 PT\u2019den uzakla\u015ft\u0131rm\u0131\u015f ve Bolsonaro\u2019nun se\u00e7imlerdeki ba\u015far\u0131s\u0131na imk\u00e2n vermi\u015ftir.<\/p>\n<h3>T\u00fcm s\u00f6m\u00fcr\u00fclenleri ve ezilenleri gericili\u011fe kar\u015f\u0131 seferber etmek<\/h3>\n<p>2016 senesinde Brezilya i\u015f\u00e7i s\u0131n\u0131f\u0131 ile gen\u00e7li\u011fi bir ma\u011flubiyet ya\u015fam\u0131\u015flard\u0131r, 2018 genel se\u00e7imleri de bu ma\u011flubiyeti peki\u015ftirmi\u015ftir ancak i\u015f\u00e7i s\u0131n\u0131f\u0131yla gen\u00e7lik ezilmi\u015f de\u011fillerdir. Seferberlik kabiliyetleri ve istekleri 2016 senesinde g\u00f6sterdikleri gibi ve 2018 senesinde kad\u0131nlar\u0131n <em>#EleN\u00e3o <\/em>slogan\u0131 ile yapt\u0131klar\u0131 seferberlikle g\u00f6sterdikleri gibi y\u00fcksektir. Emek\u00e7iler ile \u00f6\u011frenciler demokratik h\u00fcrriyetlerin sonunun, kitlesel bask\u0131n\u0131n ve te\u015fkilatlar\u0131n\u0131n yasaklanmas\u0131n\u0131n \u00f6n\u00fcne ge\u00e7ebilirler.<\/p>\n<p>Bunun i\u00e7in net bir eksende organize olmak \u015fartt\u0131r: i\u015f\u00e7i s\u0131n\u0131f\u0131n\u0131n ba\u011f\u0131ms\u0131zl\u0131\u011f\u0131, t\u00fcm s\u00f6m\u00fcr\u00fclenlerin ve ezilenlerin i\u015f\u00e7i s\u0131n\u0131f\u0131 etraf\u0131nda b\u00fct\u00fcnle\u015fmesi! Fakat PT hi\u00e7bir ders almam\u0131\u015ft\u0131r ve emek\u00e7ilere s\u00f6m\u00fcrenlerin \u015fu ya da bu sekt\u00f6r\u00fcnde umut vaat ederek onlar\u0131 fel\u00e7 etmeye devam etmek istemektedir.<\/p>\n<p>En \u00f6nemli sendikal konfederasyon olan CUT\u2019nin y\u00f6netimi 28 ekimde \u201c<em>demokratik ve halk g\u00fc\u00e7lerinin birli\u011fi<\/em>\u201d \u00e7a\u011fr\u0131s\u0131nda bulunmu\u015ftur. 2016 ma\u011flubiyetinin esas sorumlular\u0131 yani PT\u2019nin liderleri panik halinde 31 ekimde toplanm\u0131\u015f ve boyun e\u011fmeye devam ederek \u201c<em>demokratik bir direni\u015f cephesi\u201d<\/em> kurmak i\u00e7in PROS ile yap\u0131lan ittifak\u0131 \u201c<em>t\u00fcm demokratlara<\/em>\u201d geni\u015fletmek istemektedirler.<\/p>\n<p>PT\u2019nin ba\u015fkanl\u0131k se\u00e7imlerindeki aday\u0131 Haddad, \u201c<em>Ulusun menfaatlerini her \u015feyin \u00fczerinde tutacak bir muhalefeti temsil etmek\u201d<\/em> istedi\u011fini beyan ederek Bolsonaro\u2019nun slogan\u0131n\u0131 ilgin\u00e7 bir \u015fekilde neredeyse kelimesi kelimesine tekrar etmi\u015ftir. \u201cUlusun \u00e7\u0131karlar\u0131\u201d, burjuvaziyle kol kola ittifak politikas\u0131n\u0131n pe\u015finde ko\u015fmak anlam\u0131na gelir ve bu politika proletaryay\u0131 s\u00f6m\u00fcr\u00fclme ve ezilme zincirine vurur.<\/p>\n<p>PT, PCdoB, PSOL\u2026 bar\u0131\u015f\u00e7\u0131l\u0131k \u00e7a\u011fr\u0131s\u0131 yapmaktad\u0131rlar, ki bu Bolsonaro\u2019nun, genelkurmay\u0131n, polisin, b\u00fcy\u00fck toprak sahiplerinin adamlar\u0131n\u0131n ellerini serbest b\u0131rakma manas\u0131na gelir.<\/p>\n<p>T\u00fcm d\u00fcnyada burjuvaziler, i\u015f\u00e7i hareketinin her \u00fclkedeki kazan\u0131mlar\u0131na kar\u015f\u0131 sald\u0131r\u0131da bulunmaktad\u0131rlar: kamu sa\u011fl\u0131k hizmetleri, kamu e\u011fitimi, sosyal g\u00fcvenlik, emekli maa\u015flar\u0131, keyfi i\u015ften \u00e7\u0131karmalara kar\u015f\u0131 yasal g\u00fcvenceler, \u00e7al\u0131\u015fma s\u00fcresi s\u0131n\u0131rlamalar\u0131, toplu s\u00f6zle\u015fmeler vs. Her yerde h\u00fckumetler, i\u015f\u00e7i hareketinin sermayeye kar\u015f\u0131 \u00e7ok \u00f6nemli bir kazan\u0131m\u0131 olan demokratik hak ve h\u00fcrriyetlere kar\u015f\u0131 kanunlar \u00e7\u0131karmaktad\u0131rlar. Amerikan h\u00fckumeti \u0130ran\u2019a kar\u015f\u0131 yeni bir abluka ba\u015flatm\u0131\u015ft\u0131r. T\u00fcrk h\u00fckumeti, K\u00fcrtlere kar\u015f\u0131 yeniden sava\u015f ba\u015flatm\u0131\u015ft\u0131r. Genel e\u011filim, militarizm, g\u00fc\u00e7l\u00fc devletler ve bunun neticesi olarak bask\u0131 g\u00fc\u00e7lerinin g\u00fc\u00e7lendirilmesi istikametindedir.<\/p>\n<p>Bu bir nitelik de\u011fi\u015fimidir. Roussef\u2019in devrilmesi ile sivil k\u0131yafete b\u00fcr\u00fcnm\u00fc\u015f ordunun iktidara geli\u015fi, El-Sisi, Trump ile Duterte\u2019nin se\u00e7ilmesi, Salvini-Di Maio ve Modi h\u00fckumetlerinin, Pakistan, \u0130ran ile T\u00fcrkiye\u2019de \u0130slamc\u0131 rejimlerin iktidara geli\u015fi, B\u00fcy\u00fck Britanya\u2019n\u0131n AB\u2019den \u00e7\u0131kma referandumu paralel geli\u015fmelerdir\u2026 D\u00fcnyan\u0131n her yerinde burjuvazinin baz\u0131 fraksiyonlar\u0131 ne pahas\u0131na olursa olsun k\u00e2r ile \u00f6zel m\u00fclkiyetin devam\u0131n\u0131 muhafaza etmek i\u00e7in dine, yabanc\u0131 aleyhtarl\u0131\u011f\u0131na, korumac\u0131l\u0131\u011fa, \u00e7evrenin h\u0131zlanan imhas\u0131na, g\u00f6\u00e7menlere nefretle yakla\u015f\u0131ma ve sosyalizm kar\u015f\u0131tl\u0131\u011f\u0131na yuvarlanm\u0131\u015ft\u0131r.<\/p>\n<p>Y\u00fckselen barbarl\u0131\u011fa kar\u015f\u0131 proletaryan\u0131n kapitalizme kar\u015f\u0131, emek\u00e7ilerin iktidar\u0131 i\u00e7in, sosyalizm i\u00e7in m\u00fccadelenin \u00f6n\u00fcn\u00fc tekrar a\u00e7mas\u0131 gerekmektedir.<\/p>\n<p>\u0130\u015f\u00e7i s\u0131n\u0131f\u0131n\u0131n, emek\u00e7i k\u00f6yl\u00fclerin, \u00f6\u011frenci gen\u00e7li\u011fin, gecekonduda oturanlar\u0131n, yerlilerin ve askere \u00e7a\u011fr\u0131lm\u0131\u015f olanlar\u0131n gerekli m\u00fccadelesi evvela s\u0131n\u0131f ba\u011f\u0131ms\u0131zl\u0131\u011f\u0131n\u0131 gerektirir.<\/p>\n<p>CUT, CTB, CSP-Conlutas, PT, PSOL, PCdoB, PSTU, PCB, PCO\u2026 emek\u00e7i te\u015fkilatlar\u0131 birle\u015fik i\u015f\u00e7i cephesini derhal haz\u0131rlamak i\u00e7in b\u00fct\u00fcnle\u015fsin!<\/p>\n<p>\u015eirketlerde, mahallelerde, gecekondu mahallelerinde, k\u0131rsal kesimde, okullarda, \u00fcniversitelerde, birliklerde kendi kendini koruma komiteleri kurulsun ve merkezile\u015ftirilsin! Genel grev haz\u0131rlans\u0131n!<\/p>\n<p>T\u00fcm demokratik h\u00fcrriyetler sa\u011flans\u0131n! Lula serbest b\u0131rak\u0131ls\u0131n!<\/p>\n<p>Bolsonaro\u2019ya hi\u00e7bir sendikal teklif g\u00f6t\u00fcr\u00fclmemelidir! Sosyal g\u00fcvenlik ile t\u00fcm sosyal kazan\u0131mlar m\u00fcdafaa edilsin! T\u00fcm i\u015f\u00e7i talepleri kar\u015f\u0131lans\u0131n! Kahrolsun Bolsonaro ve h\u00fckumeti! Seferberlikten gelen i\u015f\u00e7i ve k\u00f6yl\u00fc h\u00fckumeti!<\/p>\n<p>T\u00fcm \u00fclkede Bol\u015fevik Parti modeline dayal\u0131 devrimci bir i\u015f\u00e7i partisi kurulsun!<\/p>\n<p><center>5 kas\u0131m 2018<\/center><center>CoReP (Almanya, Avusturya, Fransa, Kanada, T\u00fcrkiye)<\/center><center>IKC (\u0130spanyol devleti)<\/center><center>TML (Brezilya)<\/center><center>FT-VP (Brezilya)<\/center><\/div>\n","protected":false},"excerpt":{"rendered":"<p>28 ekim pazar g\u00fcn\u00fc, Brezilya\u2019da gelen se\u00e7imlerin ikinci turu yap\u0131ld\u0131. Sermayenin favori aday\u0131 ve askeri diktat\u00f6rl\u00fck yanl\u0131s\u0131 Bolsonaro, ikinci turda oylar\u0131n %56\u2019s\u0131 ile se\u00e7imi kazand\u0131. \u0130\u015f\u00e7i s\u0131n\u0131f\u0131ndan gelen partilerin t\u00fcm\u00fc&#8230; <a href=\"https:\/\/www.revolucionpermanente.com\/turk\/2018\/11\/05\/brezilya-fasist-baskan-ve-genelkurmaya-karsi-birlesik-isci-cephesi\/\">Daha fazlas\u0131 &raquo;<\/a><\/p>\n","protected":false},"author":1,"featured_media":0,"comment_status":"closed","ping_status":"closed","sticky":false,"template":"","format":"standard","meta":{"footnotes":""},"categories":[1],"tags":[],"class_list":["post-177","post","type-post","status-publish","format-standard","hentry","category-uncategorized"],"_links":{"self":[{"href":"https:\/\/www.revolucionpermanente.com\/turk\/wp-json\/wp\/v2\/posts\/177","targetHints":{"allow":["GET"]}}],"collection":[{"href":"https:\/\/www.revolucionpermanente.com\/turk\/wp-json\/wp\/v2\/posts"}],"about":[{"href":"https:\/\/www.revolucionpermanente.com\/turk\/wp-json\/wp\/v2\/types\/post"}],"author":[{"embeddable":true,"href":"https:\/\/www.revolucionpermanente.com\/turk\/wp-json\/wp\/v2\/users\/1"}],"replies":[{"embeddable":true,"href":"https:\/\/www.revolucionpermanente.com\/turk\/wp-json\/wp\/v2\/comments?post=177"}],"version-history":[{"count":2,"href":"https:\/\/www.revolucionpermanente.com\/turk\/wp-json\/wp\/v2\/posts\/177\/revisions"}],"predecessor-version":[{"id":180,"href":"https:\/\/www.revolucionpermanente.com\/turk\/wp-json\/wp\/v2\/posts\/177\/revisions\/180"}],"wp:attachment":[{"href":"https:\/\/www.revolucionpermanente.com\/turk\/wp-json\/wp\/v2\/media?parent=177"}],"wp:term":[{"taxonomy":"category","embeddable":true,"href":"https:\/\/www.revolucionpermanente.com\/turk\/wp-json\/wp\/v2\/categories?post=177"},{"taxonomy":"post_tag","embeddable":true,"href":"https:\/\/www.revolucionpermanente.com\/turk\/wp-json\/wp\/v2\/tags?post=177"}],"curies":[{"name":"wp","href":"https:\/\/api.w.org\/{rel}","templated":true}]}}