{"id":41,"date":"2021-05-17T12:00:00","date_gmt":"2021-05-17T10:00:00","guid":{"rendered":"http:\/\/www.revolucionpermanente.com\/kurdi\/?p=41"},"modified":"2021-05-23T11:04:25","modified_gmt":"2021-05-23T09:04:25","slug":"qahr-be-duque-projeyan-zexte-birciti-u-sepirzeti-grev-u-karberdane-tevahi-li-kolombiya-de-bila-hukumate-karker-u-gundi-sazi-bibe","status":"publish","type":"post","link":"https:\/\/www.revolucionpermanente.com\/kurdi\/2021\/05\/17\/qahr-be-duque-projeyan-zexte-birciti-u-sepirzeti-grev-u-karberdane-tevahi-li-kolombiya-de-bila-hukumate-karker-u-gundi-sazi-bibe\/","title":{"rendered":"Qahr be Duque! Projeyan Zext\u00ea Bir\u00e7\u00eet\u00ee \u00fb \u015eepirzet\u00ee! Grev \u00fb Karberdan\u00ea Tevah\u00ee! Li KoLomb\u00eeya de Bila huk\u00fbmat\u00ea Karker \u00fb Gund\u00ee Saz\u00ee bibe!"},"content":{"rendered":"\n<div id='corps_texte'>\nKolomb\u00eeya de \u00eero, Xwed\u00eey\u00ea erden mazin, mi\u015fextvan\u00ea Tilyak \u00fb dezgehkirina Nefergel\u00ea \u00e7ek\u00ee de Alvaro Ur\u00eebe heye. \u00cero ji M\u00eeratvan\u00ea siyas\u00ee ye w\u00ee Iv\u00e1n Duque y\u00ea. \u00db hik\u00fbmata w\u00ee ji bo serhildan\u00ea Karker \u00fb Gund\u00eeyan re dewisand\u00eene k\u00ee dijwar dikin.<br><br><!--more-->\n\nBer\u00eeya hat\u00ea d\u00eerok\u00ea 28 n\u00eesane de \u00eero , sad hazar bajaran de ren\u00e7ber , xwend\u00eakar , \u00fb gund\u00eeyan faq\u00eer in. \u00db hem\u00fb ji p\u00eawendar e nijad \u00fb xelk\u00ea \u00e7ermsor in. Kar\u00ea xwe bardan\u00ea , bajar\u00ea wan kop may\u00ea , R\u00eayan taybet\u00ee hat\u00eeye girtin, \u00fb dest\u00ea pol\u00eesan de kal\u00fbmel e asker\u00ee hene , \u00fb wan re hember derket\u00eene. Ji bo bardan\u00ea ev e bindest\u00ea \u00eensanen , loma karakolan dagir kirine. D\u00eerok\u00ea \u00eero de , 42 p\u00ea\u015fander hat\u00eeye ku\u015ftin \u00fb hazar car \u00eensan ji br\u00eendar b\u00fby\u00ea, huk\u00fbmet w\u00ee rew\u015f e qabl dike.  Komelan ji dib\u00eajin 70 \u00eensan winda b\u00fby\u00ea.  Huk\u00fbmat ji nif\u00fbs \u00fb gelhe hecela teng hebe , day\u00eena xwe li ser wan de gran dike, kaler \u00fb pertal e bi hev re an\u00eena pen\u00fbsan hewc\u00ea ye bingeh\u00een de n\u00fb day\u00een a , tekl\u00eefa kan\u00fbna day\u00eena ki\u015fandine. L\u00eabel\u00ea ne zext\u00ee, an ji wi ber\u00ee ki\u015fandin wan protesto \u00fb karberdan\u00ea ne sek\u00eenand\u00ee ye.<br><br>\n\n\n\nDest\u00ea kirine hem\u00fb ti\u015ft , d\u00eerok\u00ea 28 n\u00eesan e dest\u00ea kiriye. Dezgeh\u00ea xwec\u00eeh e par\u00eaz\u00eeye xelk\u00ea \u00e7ermsor , \u00fb send\u00eekayen mamosteyan (FECODE) , \u00fb konfederasyon\u00ea send\u00eekayen se heb e taybet\u00ee (CUT, CTC et CGT) grev \u00fb karberdan\u00ea k\u00ee netew\u00ee ava kiriy\u00ea. Ew grev \u00fb karberdan \u00fb p\u00ea\u015fan\u00eeyan li ser plan\u00ea de xilas neb\u00fby\u00ea, tersane d\u00eeroke 1 gulan e de li al\u00eey\u00ea serok\u00ea ni\u015ft\u00eeman vaz\u00eeyeta dorp\u00ea\u00e7andin \u00eelan bike ji ew grev \u00fb karberdan\u00ee berdewam kiriye. Pi\u015ft\u00ee 15 roje Kom\u00eet\u00eeye grev\u00ea netew\u00ee \u00fb Duque nav bera xwe  Civ\u00een\u00ea \u00abberaf\u00ee\u00bb \u00fb \u00abNormal kirin\u00bb , l\u00eabel\u00ea disa ji berdewam\u00ea grev \u00fb karberdan kirin.<br><br>\n\n\n\nDaxuyan\u00ee ye w\u00ee raw\u015f zaf hesan e, seferber\u00ee ne ten\u00ea bersiv\u00ea w\u00ee tekl\u00eefa kan\u00fbna day\u00een b\u00fbye. bila w\u00ee n\u00eabejin r\u00eaya ten\u00ea faqir\u00ee \u00fb b\u00eakar\u00ee \u00fb kr\u00eeza silamet\u00ee vek\u00eer y\u00ea, eger w\u00ee rew\u015f\u00ea re b\u00eajin \u00abhejin\u00ea civak\u00ee\u00bb ew \u015fa\u015f\u00ee \u00fb ne rast dibe. Seferber\u00eeyan \u00eero ,  ne xwe\u015f\u00ee \u00fb qedey\u00ea ye derket\u00eene kolana di sala 2019 da ser seferber\u00ee ye kop kirin difikirim ew berdewam\u00ea w\u00ee rew\u015f\u00ea ye.\n\nWeka w\u00ee wext\u00ea , teko\u015f\u00eena xwe li ser armanca wan huk\u00fbmate de ber dewam dike:\n\n<ul><li>Haq \u00fb maf\u00ea rencberan dixwazin li ser \u015f\u00eerketan taybetan de rakin \u00fb hem\u00fb wan haq \u00fb maf\u00ea ariz\u00ee bikin.<\/li>\n<li>Di gel\u00ea ni\u015ftiman\u00ea de dixwazin k\u00eamtir\u00een\u00ea m\u00fb\u00e7eyan ji hem\u00fb \u015f\u00eexulwan \u00fb karkeran re betal kirin (dixwazin j\u00ee w\u00ee m\u00fb\u00e7eyan bila h\u00ear\u00eam e de karar bikin , xort \u00fb ciwanen ten\u00ea m\u00fb\u00e7eye %75 bist\u00eenin)<\/li>\n<li>?)<\/li>\n<li>Dixwazin gelek \u015f\u00eerketan gelemper\u00ean ariz\u00ee bikin<\/li>\n<li>Li kan\u00fbna zext\u00ea pol\u00eesan le\u015fker b\u00fbnan s\u00eeleh \u00fb \u00e7ek\u00ea wan dixwazin qewet bikin.<\/li><\/ul><br><br>\n\n\n\nWeka di sala 2019 de , send\u00eekac\u00eeyan , mil\u00eetanan sosyal \u00fb gund\u00eeyan feq\u00eer ayn\u00ee wext\u00ea de \u00abr\u00eeayet kirin\u00ea r\u00eakeftin \u00fb peyman\u00ea a\u015f\u00eet\u00ee 2016\u00bb  daxwaz dikin. Yan\u00ee mil\u00eesan sileh\u00ee \u00fb \u00e7ek\u00ee , bila \u00ead\u00ee li gund \u00fb bajar\u00ea de gundewar\u00ee ye de bila komk\u00fbja ye xwe berdewam nekin. \u00db bila jib\u00eer nekin , di sala mil\u00eetan\u00ea endam\u00ea t\u00eavelan sosyal c\u00eevak\u00ee , ten\u00ea di sala 2020 de 300 heb hat\u00eey\u00ea ku\u015ftin. Peyam \u00fb r\u00eakeftin\u00ea a\u015fit\u00ee ayn\u00ee wext\u00ea de gund\u00eeyan re \u00eensan\u00ea di dema \u015fer e hundir\u00ea de hat\u00eeye der kirin \u00fb xwed\u00eeye erden mezin \u00fb \u00e7iqas \u015f\u00eerketan lajwerd\u00ee hebe ew\u00ea dest\u00ea xwe avet\u00een \u00fb \u00e7iqas erde mirov gasp kirin ji dixwazin bila \u015fam\u00eel bibe.<br><br>\n\n\n\n\u00db wek w\u00ee daxwazan re pa\u015fgo \u00fb p\u00eavek , kr\u00eeza nexwe\u015f\u00ee \u00fb pandem\u00ee ji daxwaza an\u00eeye rojev e. Di sala 2008 de Uribe (S\u00eeyas\u00eeyek\u00ee Kolomb\u00eeya) wek Damezrek\u00ee gelemper \u00fb wek birev\u00ea ye xizmeta sax\u00eeye gelemperen Ariz\u00ee kiriye.Roja me de \u00eero , xizmeta silamet\u00ee li \u015f\u00eerketan amer\u00eekay\u00ee re payek\u00ee mazin di\u00e7e, ew saz di sala 2013 de ne sencandin \u00fb \u015f\u00eerketan li ser xelk\u00ea de hizmeta sax\u00ee betal kirin. Loma ji ew saz nikis\u00eeye. Saz\u00ea sax \u00fb silamet\u00ee heja w\u00ee nikis\u00ee ser\u00ea xwe ne avet\u00ee ye. (doza d\u00eahn \u00fb \u015f\u00eerketan berdewam dike.) \u00fb wan saz di dema pandem\u00ee de personal , wek ti\u015ft \u00fb peydey\u00ea derman ne hi\u015ft\u00eeye bidin \u00fb ne ji , ji w\u00ee rew\u015f\u00ea de k\u00ear nekir ye. Di sala 2020 \u00fb 2021 de dikar\u00ee b\u00fbn man\u00ee bibin ji hazar mirin &#8211; \u00fb kov\u00eed 19 &#8211; \u00fb sebeb\u00ea zaf nexwe\u015f\u00ee &#8211; ji bo xizmeta sax \u00fb silamet\u00ee kirin ariz\u00ee \u00fb loma w\u00ee \u00e7\u00eab\u00fbye.<br><br>\n\n\n\nDisa ji be hev re nexwe\u015f\u00ee \u00fb pandem\u00ee \u00fb kr\u00eeza abor\u00ee , \u00eest\u00eehdam\u00ea b\u00ea qayd\u00ee bawer\u00eeya q\u00fbt \u00fb xurek zaftir kir \u00fb daw\u00ee ya 20 sala de rada ra b\u00eakar\u00ee zaftir kiriye. Departamento Nac\u00eeonal de Esradistica yan\u00ee dane ya damezrek\u00ee istat\u00eek e de di sala 2020 de 3,6 m\u00eelyon kes ji zaftir bin\u00ea rada ye faqir\u00ee paya b\u00fbne. Di t\u00eahev nif\u00fbsa faqir\u00ee nizk \u00fb teqr\u00eeben %42,5&#8217;e. Ayn\u00ee damezrek dib\u00eaje tahm\u00een\u00ee 1,7 m\u00eelyon kes ji nikarin her roj 3 car xwarin bixwin.<br><br>\n\n\n\nancax b\u00fbrokrat\u00ea permande ya grev \u00fb karberan , li qulabtin kirina huk\u00fbmat \u00fb serok\u00ea ni\u015ft\u00eeman e de h\u00ee\u00e7 sebep nab\u00eene. weka sale 2019 de , heja ji s\u00eeyaseta xwe li ser beraf\u00ee ya tu car encam nedan \u00fb ten\u00ea westandine cemawer \u00fb bardan\u00ea teko\u015fin de berdewam dikin , \u00fb ten\u00ea wek navbeynkar\u00ea zext ten\u00ea greve rojek e (28 n\u00eesan , 5 Gulan , 12 Gulan&#8230;) va ye b\u00eelan\u00e7oye civ\u00eena di d\u00eeroka 10 Gulan 2021 de \u00e7\u00eakirine:<br><br>\n\n\n\n<quote class='citations'>Serok\u00ea Send\u00eekay\u00ea CUT Francisco Malt\u00e9s \u00abDi ber al\u00ee ye huk\u00fbmat, sebeba dest\u00ea kirina grev \u00fb karbedane de , di be\u015fa daxwaz\u00ea me ye netewey\u00ee , Tu car hesasiyet n\u00ee\u015fan nedane ji kes\u00ean ku b\u00fbne l\u00eaqewim\u00ee\u00bb got\u00eeye. Pi\u015ft\u00ee civ\u00een , Ji bo A\u015f\u00eet\u00eeye bilind kom\u00eeser Miguel Ceballos ji wisa got\u00eeye \u00bb gava k\u00fb k\u00ee hember\u00ea makezagon \u00fb dadmend\u00ee derkeve , qeweta le\u015fker\u00ee \u00fb hembera tund\u00ee de xwe\u015fd\u00eetina sifir\u00ea de yekb\u00fby\u00een heye.\u00bb&#8230;\u00bb w\u00ee \u015f\u00eawirgeh\u00ea bend e, endam\u00ea Kom\u00eete ya grev \u00fb karberdan\u00ea netew\u00ee re heb\u00fbn\u00ee \u00fb b\u00eem \u00fb tem\u00eenat e neteweyen yekb\u00fby\u00een \u00fb D\u00ear\u00ea Katol\u00eek e be hev re , Be\u015fa avakirina \u00e7ar\u00e7ov\u00ea ye beraf\u00eeye , huk\u00fbmet ligel hemraman \u00fb hemfik\u00eer in an k\u00fb ne be hev re ne ku em pirs kirin, w\u00ee pirs\u00eeya me re bersivek\u00ee er\u00ean\u00ee dan , lewma w\u00ee em spas dikin (\u00cespanyol\u00ee CNN , 10 Gulan 2021)<\/quote><br><br>\n\n\n\nCali j\u00ee \u00fb Gel\u00ea Ni\u015ft\u00eeman\u00ea de cemawer , Duque ligel bir\u00e7\u00eet\u00ee \u00fb projeya ariz\u00ee kirin e ji xilasb\u00fbna bare y\u00ea kirar dan.  \u00db her roj pol\u00ees ligel pozber\u00ee ye de mirin zafin, rev\u00eab\u00eer e send\u00eeka ji dib\u00eajin huk\u00fbmat ji w\u00ee rew\u015f e de ne bih\u00ees e , lewma gazinc dikin! qey sank\u00ee ew bar e kr\u00eez e li ser rencberan bikin bare p\u00ee\u015fta wan , bajaran le\u015fker kirin \u00fb qewet\u00ea taybet\u00eeya pol\u00ees ji bo ku\u015ft\u00eena xwep\u00ea\u015fand\u00ean re weka huk\u00fbmat ne \u015fand\u00eeye.<br><br>\n\n\n\nLi wate ya s\u00eeyas\u00ee de , div\u00ea Moskova , div\u00ea Pekin div\u00ea ji wek hem\u00fb rewace stal\u00een\u00eezma havana (Colombia Humana, Polo Democr\u00e1tico Alternativo, FARC-Comunes) ber\u00ee ya kap\u00eetal\u00eezm \u00fb dewleda burj\u00fbva de st\u00fbye xwe di taw\u00eenin. Kesek ji nab\u00eaje bila em derkevin beraf\u00ee \u00fb r\u00eaya par\u00eaz\u00eeye h\u00easin\u00ea cemawer\u00ea de kesek bo\u00e7\u00fbna xwe x\u00fbya nake.<br><br>\n\n\n\n\u00c7\u00een\u00ea Karkeran , G\u00fbnd\u00eeyan faq\u00eer , \u00fb \u00e7iqas \u00c7\u00een\u00ea rencberan ji xortan hatine , w\u00ee rev\u00eaber\u00eeyan de ten\u00ea menfaat\u00ea cemaweren de \u00ead\u00ee ten\u00ea b\u00eabext\u00eeya s\u00eestemat\u00eek berbendman in. Gel\u00ea asambleyan bila bibin kom \u00fb \u015f\u00eerket \u00fb damezker e \u00eedar\u00ee de kom\u00eeteyan bila were bijartin. Taxan de , g\u00fbndan de , Zan\u00eengeh\u00ea de bila \u015f\u00fbra ava bikin. h\u00ear\u00eam\u00eeye bingeh \u00fb lebat\u00ea netew\u00ee bila bibe Merkez\u00ee \u00fb Par\u00eazgah\u00ee. \u00db w\u00ee rew\u015f\u00ea de karkeran , mem\u00fbran , gund\u00eeyan , xwend\u00eakar \u00fb \u00e7iqas xwec\u00eeh e xelk\u00ea \u00e7ermsor hebe , bila rev\u00eaber\u00eeyek\u00ee ava bikin. Ji bo \u00ear\u00ee\u015fe hember\u00ea Pol\u00ees \u00fb m\u00eel\u00eesan s\u00eelah\u00eeyan re ji bo par\u00eaza xwe re , ji xwe re mil\u00eesa xwe saz bikin.<br><br>\n\n\n\nHatin\u00ea serfiraz\u00ee \u00fb zextek\u00ee wisa re ligel , bila ji bo xilaskirina faqir\u00ee ra , avetin\u00ea huk\u00fbmate burjuva \u00fb ji bo hatina \u00eekt\u00eedare re hewcey\u00ea wan part\u00eeyek\u00ee \u015fore\u015fgerek\u00ee mazin e.<br><br>\n\n\n\n<b><ul><li>Qahr bibe Duque \u00fb hem\u00fb projeyan bir\u00e7\u00eet\u00ee \u00fb faq\u00eer\u00ee! , Beraf\u00ee ya Kom\u00eete ye Grev \u00fb Karberan\u00ea Netew\u00ee re Na!<\/li>\n<li>Grev \u00fb Karberan\u00ea gelemper! Hem\u00fb \u00e7iqas dergezan Karker \u00fb bindest , Duque \u00fb devlet\u00ea burjuva de reza xwe ket\u00eene! Konferedasyonek\u00ee Demokrat\u00eek \u00fb esas\u00ea xwe teko\u015f\u00eena \u00e7\u00een\u00ea bibe bila ew be!<\/li>\n<li>K\u00ee wunda b\u00fbye ji wan re serbest\u00ee! Pol\u00ees \u00fb ord\u00eeyan bila b\u00ea \u00e7ek bibe \u00fb bila rakirin be! C\u00eehe wan bila mil\u00eesan gund\u00ee \u00fb karker bin\u00een!<\/li>\n<li>\u015e\u00eerketan de , zan\u00eengeh\u00ea de , taxen de \u00fb damezkere \u00eedar\u00ee ye de karkeran re , \u00e7iqa\u015f xebatker\u00ea mu\u00e7ey\u00ee , g\u00fbnd\u00eeyan re , xwend\u00eakaren re \u00fb xelken xwec\u00eehen re avakirin re r\u00eaveb\u00eerek\u00ee siyas\u00ee , asambleyan \u00fb \u015e\u00fbrayan bila ava bibe!<\/li>\n<li>Ji bo herkes\u00ee re parza y\u00ea bedawa! bila ji hem\u00fb xizmetan sax \u00fb silamet\u00ee tu qet tazm\u00eenat nedin , hem\u00fb ariz\u00ee kirin bila betal bibe! gerd\u00fbn\u00ee , bedawa \u00fb xizmetan sax \u00fb silamet\u00ee bidin!<\/li>\n<li>Hem\u00fb rada re de , Gerd\u00fbn\u00ee , bedawa \u00fb h\u00eavotin\u00ea la\u00eek bidin!<\/li>\n<li>Dema mesa\u00ee , bila maa\u015fen de ketin\u00ee , heta b\u00eakar\u00ee xilaz nebe bila k\u00eam bibe!<\/li>\n<li>Bankayan de , enerj\u00eeyan mazin , lajwerd\u00eey\u00ee , sanay\u00ee , \u00e7andin \u00fb cotkar\u00ee , q\u00fbt \u00fb xurek , ragihan, her wek\u00ee din bila kontrola karkeran de dest\u00ea xwe ser d\u00eanin!<\/li>\n<li>Erden mazinen re tu qet tazm\u00eenat nedin bila dest\u00ea xwe d\u00eanin! Ax civak\u00ee bibe \u00fb gund\u00eeyan re l\u00eaveger bibe!<\/li>\n<li>\u00c7iqas hindikah\u00ee ye netew\u00ee \u00fb xelken xwec\u00eehen re bila r\u00eaz\u00ee bibin!<\/li>\n<li>Bila hem\u00fb jor\u00een\u00ea Amer\u00eeka , li Amer\u00eeka ye Lat\u00eenen de bila were qewirandin!<\/li>\n<li>Li Kolomb\u00eeya de huk\u00fbmat\u00ea rencber\u00ee bila ava bibe! Dewleda Yekb\u00fby\u00eeye Amer\u00eeka ye Lat\u00een!<\/li><\/ul><\/b><br><br>\n<\/div>\n","protected":false},"excerpt":{"rendered":"<p>Kolomb\u00eeya de \u00eero, Xwed\u00eey\u00ea erden mazin, mi\u015fextvan\u00ea Tilyak \u00fb dezgehkirina Nefergel\u00ea \u00e7ek\u00ee de Alvaro Ur\u00eebe heye. \u00cero ji M\u00eeratvan\u00ea siyas\u00ee ye w\u00ee Iv\u00e1n Duque y\u00ea. \u00db hik\u00fbmata w\u00ee ji bo&#8230; <a href=\"https:\/\/www.revolucionpermanente.com\/kurdi\/2021\/05\/17\/qahr-be-duque-projeyan-zexte-birciti-u-sepirzeti-grev-u-karberdane-tevahi-li-kolombiya-de-bila-hukumate-karker-u-gundi-sazi-bibe\/\">Z\u00eadetir bixw\u00eenin &raquo;<\/a><\/p>\n","protected":false},"author":1,"featured_media":0,"comment_status":"closed","ping_status":"","sticky":false,"template":"","format":"standard","meta":{"footnotes":""},"categories":[1],"tags":[],"class_list":["post-41","post","type-post","status-publish","format-standard","hentry","category-non-classe"],"_links":{"self":[{"href":"https:\/\/www.revolucionpermanente.com\/kurdi\/wp-json\/wp\/v2\/posts\/41","targetHints":{"allow":["GET"]}}],"collection":[{"href":"https:\/\/www.revolucionpermanente.com\/kurdi\/wp-json\/wp\/v2\/posts"}],"about":[{"href":"https:\/\/www.revolucionpermanente.com\/kurdi\/wp-json\/wp\/v2\/types\/post"}],"author":[{"embeddable":true,"href":"https:\/\/www.revolucionpermanente.com\/kurdi\/wp-json\/wp\/v2\/users\/1"}],"replies":[{"embeddable":true,"href":"https:\/\/www.revolucionpermanente.com\/kurdi\/wp-json\/wp\/v2\/comments?post=41"}],"version-history":[{"count":1,"href":"https:\/\/www.revolucionpermanente.com\/kurdi\/wp-json\/wp\/v2\/posts\/41\/revisions"}],"predecessor-version":[{"id":42,"href":"https:\/\/www.revolucionpermanente.com\/kurdi\/wp-json\/wp\/v2\/posts\/41\/revisions\/42"}],"wp:attachment":[{"href":"https:\/\/www.revolucionpermanente.com\/kurdi\/wp-json\/wp\/v2\/media?parent=41"}],"wp:term":[{"taxonomy":"category","embeddable":true,"href":"https:\/\/www.revolucionpermanente.com\/kurdi\/wp-json\/wp\/v2\/categories?post=41"},{"taxonomy":"post_tag","embeddable":true,"href":"https:\/\/www.revolucionpermanente.com\/kurdi\/wp-json\/wp\/v2\/tags?post=41"}],"curies":[{"name":"wp","href":"https:\/\/api.w.org\/{rel}","templated":true}]}}