{"id":868,"date":"2022-12-24T12:00:00","date_gmt":"2022-12-24T11:00:00","guid":{"rendered":"https:\/\/www.revolucionpermanente.com\/francais\/?p=868"},"modified":"2022-12-26T19:36:56","modified_gmt":"2022-12-26T18:36:56","slug":"assez-des-attaques-contre-les-militants-et-refugies-kurdes","status":"publish","type":"post","link":"https:\/\/www.revolucionpermanente.com\/francais\/2022\/12\/24\/assez-des-attaques-contre-les-militants-et-refugies-kurdes\/","title":{"rendered":"Assez des attaques contre les militants et r\u00e9fugi\u00e9s kurdes\u00a0!"},"content":{"rendered":"\n<div id='corps_texte'>\nLe 23 d\u00e9cembre, un tueur s\u2019est attaqu\u00e9 au Centre culturel kurde de France, dans le 10e arrondissement de Paris, ainsi qu\u2019\u00e0 deux commerces voisins, \u00e9galement de la communaut\u00e9 kurde. Le Centre culturel Ahmet-Kaya qui abrite le Centre d\u00e9mocratique kurde de France, dont fait partie le Parti des travailleurs du Kurdistan (PKK). Le PKK est un parti interdit en Turquie o\u00f9 ses militants sont pourchass\u00e9s par la police et l\u2019arm\u00e9e d\u2019Erdogan.  <br><br>\n\nLe tueur arm\u00e9 d\u2019un r\u00e9volver a assassin\u00e9 trois militants kurdes, dont Emine Kara, la responsable des mouvements de d\u00e9fense de femmes kurdes, et en a bless\u00e9 trois autres. Emine Kara avait combattu pendant 30 ans pour les droits des Kurdes, aussi bien en Turquie qu\u2019en Irak, en Syrie et en Iran. Elle avait notamment particip\u00e9 \u00e0 la r\u00e9sistance arm\u00e9e des Kurdes contre l\u2019Etat islamique en Irak.  <br><br>\n\nEmine Kara avait demand\u00e9 l\u2019asile politique en France, mais le statut de r\u00e9fugi\u00e9e lui a \u00e9t\u00e9 refus\u00e9 par l\u2019Etat fran\u00e7ais. Le PKK est consid\u00e9r\u00e9 comme une organisation terroriste par l\u2019Union europ\u00e9enne. Des militants du PKK r\u00e9fugi\u00e9s en France sont actuellement l\u2019objet de proc\u00e9dures de la part du parquet anti-terroriste. De plus, sous la pression d\u2019Erdogan qui en fait une monnaie d\u2019\u00e9change pour donner son accord \u00e0 l\u2019\u00e9largissement de l\u2019OTAN, les militants kurdes r\u00e9fugi\u00e9s en Su\u00e8de sont aujourd\u2019hui en passe d\u2019\u00eatre expuls\u00e9s. <br><br>\n\nLe peuple kurde, morcel\u00e9 entre la Turquie, l\u2019Iran, l\u2019Irak et la Syrie, a toujours vu son droit imprescriptible \u00e0 l\u2019autod\u00e9termination et \u00e0 constituer s\u2019il le d\u00e9sire son propre \u00c9tat violemment combattu tant par les puissances imp\u00e9rialistes que par les bourgeoisies turque, iranienne, irakienne et syrienne. Aujourd\u2019hui, le peuple kurde est sous le feu de l\u2019arm\u00e9e et de la police turque, aussi bien en Turquie qu\u2019\u00e0 la fronti\u00e8re syrienne. Dans le m\u00eame temps, les Kurdes d\u2019Iran, \u00e0 la pointe du soul\u00e8vement contre la dictature islamique, sont les victimes de la r\u00e9pression la plus violente de la part du r\u00e9gime iranien. <br><br>\n\nLe tueur, d\u00e9j\u00e0 connu pour diverses attaques et violences racistes, s\u2019\u00e9tait en particulier attaqu\u00e9 avec un sabre \u00e0 un camps de r\u00e9fugi\u00e9s en d\u00e9cembre 2021. Mais, \u00e0 peine sorti de prison sous contr\u00f4le judiciaire le 12 d\u00e9cembre 2022, le voici \u00e0 nouveau \u00e0 l\u2019\u0153uvre. Au vu de la r\u00e9pression f\u00e9roce contre les Kurdes men\u00e9e aussi bien par le r\u00e9gime turc que le r\u00e9gime iranien, au vu des pr\u00e9c\u00e9dents attentats contre des militants kurdes men\u00e9s par leurs services secrets dans de nombreux pays du monde avec l\u2019aide de l\u2019organisation fasciste Bozkurtlar, au vu des victimes tomb\u00e9es sous les balles du tueur, il est difficile de croire \u00e0 l\u2019acte individuel d\u2019un raciste plus ou moins d\u00e9s\u00e9quilibr\u00e9, comme l\u2019avance le ministre de l\u2019int\u00e9rieur Darmanin. Que ce soit inconsciemment ou sur ordre, le meurtrier a fait le jeu du r\u00e9gime d&rsquo;Erdogan et de sa politique de pers\u00e9cution contre les Kurdes. Il appartiendra \u00e0 une commission d&rsquo;enqu\u00eate ind\u00e9pendante des organisations internationales de travailleurs de d\u00e9couvrir les v\u00e9ritables motivations de l&rsquo;attentat. <br><br>\n\nFront unique ouvrier pour la d\u00e9fense de tous les r\u00e9fugi\u00e9s et militants kurdes\u00a0! Droit d\u2019asile, droit de s\u00e9jour, fin des poursuites polici\u00e8res en France comme partout en Europe et dans le monde\u00a0!  <br><br>\n\nDirigeants des organisations ouvri\u00e8res, appelez et organisez des manifestations devant les ambassades et consulats de Turquie pour l\u2019arr\u00eat de l\u2019intervention militaire contre les Kurdes en Syrie, le retrait de troupes, la lib\u00e9ration des prisonniers\u00a0!  <br><br>\n\nPour une commission d&rsquo;enqu\u00eate ind\u00e9pendante du mouvement ouvrier international afin d&rsquo;\u00e9lucider les raisons des meurtres \u00e0 Paris ! <br><br>\n\nArr\u00eat imm\u00e9diat de la r\u00e9pression des masses au Kurdistan iranien et dans tout l\u2019Iran\u00a0!  <br><br>\n\nVive la lutte du peuple kurde au sein des peuples d\u2019Iran\u00a0!  <br><br>\n\nPour le droit des Kurdes de Turquie, d\u2019Iran, de Syrie et d\u2019Irak \u00e0 constituer un seul \u00c9tat kurde\u00a0! <br><br>\n\n\n<center>24 d\u00e9cembre 2022<\/center>\n\n<center>Bureau international du Collectif r\u00e9volution permanente<\/center>\n<\/div>\n","protected":false},"excerpt":{"rendered":"<p>Le 23 d\u00e9cembre, un tueur s\u2019est attaqu\u00e9 au Centre culturel kurde de France, dans le 10e arrondissement de Paris, ainsi qu\u2019\u00e0 deux commerces voisins, \u00e9galement de la communaut\u00e9 kurde. Le&#8230; <a href=\"https:\/\/www.revolucionpermanente.com\/francais\/2022\/12\/24\/assez-des-attaques-contre-les-militants-et-refugies-kurdes\/\">Read more &raquo;<\/a><\/p>\n","protected":false},"author":1,"featured_media":0,"comment_status":"closed","ping_status":"closed","sticky":false,"template":"","format":"standard","meta":{"footnotes":""},"categories":[1],"tags":[],"class_list":["post-868","post","type-post","status-publish","format-standard","hentry","category-non-classe"],"_links":{"self":[{"href":"https:\/\/www.revolucionpermanente.com\/francais\/wp-json\/wp\/v2\/posts\/868","targetHints":{"allow":["GET"]}}],"collection":[{"href":"https:\/\/www.revolucionpermanente.com\/francais\/wp-json\/wp\/v2\/posts"}],"about":[{"href":"https:\/\/www.revolucionpermanente.com\/francais\/wp-json\/wp\/v2\/types\/post"}],"author":[{"embeddable":true,"href":"https:\/\/www.revolucionpermanente.com\/francais\/wp-json\/wp\/v2\/users\/1"}],"replies":[{"embeddable":true,"href":"https:\/\/www.revolucionpermanente.com\/francais\/wp-json\/wp\/v2\/comments?post=868"}],"version-history":[{"count":1,"href":"https:\/\/www.revolucionpermanente.com\/francais\/wp-json\/wp\/v2\/posts\/868\/revisions"}],"predecessor-version":[{"id":869,"href":"https:\/\/www.revolucionpermanente.com\/francais\/wp-json\/wp\/v2\/posts\/868\/revisions\/869"}],"wp:attachment":[{"href":"https:\/\/www.revolucionpermanente.com\/francais\/wp-json\/wp\/v2\/media?parent=868"}],"wp:term":[{"taxonomy":"category","embeddable":true,"href":"https:\/\/www.revolucionpermanente.com\/francais\/wp-json\/wp\/v2\/categories?post=868"},{"taxonomy":"post_tag","embeddable":true,"href":"https:\/\/www.revolucionpermanente.com\/francais\/wp-json\/wp\/v2\/tags?post=868"}],"curies":[{"name":"wp","href":"https:\/\/api.w.org\/{rel}","templated":true}]}}