{"id":672,"date":"2019-10-11T12:00:16","date_gmt":"2019-10-11T10:00:16","guid":{"rendered":"http:\/\/www.revolucionpermanente.com\/francais\/?p=672"},"modified":"2019-10-12T15:44:47","modified_gmt":"2019-10-12T13:44:47","slug":"armee-turque-hors-de-syrie","status":"publish","type":"post","link":"https:\/\/www.revolucionpermanente.com\/francais\/2019\/10\/11\/armee-turque-hors-de-syrie\/","title":{"rendered":"Arm\u00e9e turque, hors de Syrie !"},"content":{"rendered":"<div id=\"corps_texte\">\nLe 6 octobre, le pr\u00e9sident des \u00c9tats-Unis Trump s\u2019entretient par t\u00e9l\u00e9phone avec le pr\u00e9sident de la Turquie Erdo\u011fan puis il ordonne le retrait des \u00ab<em> forces sp\u00e9ciales <\/em>\u00bb de l\u2019arm\u00e9e \u00e9tasunienne du nord-est de la Syrie de la fronti\u00e8re. Cette zone avait \u00e9t\u00e9 reprise \u00e0 l\u2019EI par le PYD kurde de Syrie et ses milices YPG qui avaient affront\u00e9 les islamistes \u00e0 partir de 2013. Elle a re\u00e7u l\u2019aide de l\u2019arm\u00e9e am\u00e9ricaine \u00e0 partir de 2016.<br \/>\n<!--more--><br \/>\nLe 7 octobre, l\u2019arm\u00e9e turque rassemble des troupes \u00e0 la fronti\u00e8re entre la Syrie et la Turquie. Le 9 octobre, le ministre des affaires \u00e9trang\u00e8res russe Lavrov se prononce contre toute \u00e9mergence d\u2019un \u00c9tat kurde. Le m\u00eame jour, apr\u00e8s des bombardements intenses, l\u2019arm\u00e9e turque envahit pour la troisi\u00e8me fois en trois ans la Syrie en s\u2019appuyant sur \u00ab<em> l\u2019Arm\u00e9e nationale syrienne <\/em>\u00bb compos\u00e9e de d\u00e9bris de l\u2019ASL syrienne et surtout d\u2019islamistes que des charlatans pseudo-trotskystes (LOI d\u2019Argentine, CWG de Nouvelle-Z\u00e9lande, RKOL d\u2019Autriche\u2026) pr\u00e9sentaient comme \u00ab<em> r\u00e9volutionnaires <\/em>\u00bb. L\u2019invasion d\u00e9cid\u00e9e par le gouvernement de l\u2019AKP islamiste re\u00e7oit le soutien du clerg\u00e9 musulman (les 60 000 mosqu\u00e9es diffusent la \u00ab<em> pri\u00e8re de la reconqu\u00eate <\/em>\u00bb), les grands m\u00e9dias et tous les autres partis bourgeois (MHP, CHP, \u0130Y\u0130\u2026)<\/p>\n<p>Toutes les organisations ouvri\u00e8res de Turquie, de Syrie et de tous les pays doivent se prononcer contre l\u2019invasion par la Turquie et ses suppl\u00e9tifs islamistes des zones de peuplement kurde de la Syrie.<\/p>\n<p>Le mouvement ouvrier turc, vu la guerre que m\u00e8ne l\u2019\u00c9tat bourgeois turc contre sa minorit\u00e9 kurde, doit se prononcer en outre pour le droit \u00e0 l\u2019ind\u00e9pendance du Kurdistan actuellement rattach\u00e9 au territoire turc : c\u2019est le seul moyen d\u2019unir la classe ouvri\u00e8re de toute la Turquie.  Le mouvement ouvrier syrien, irakien et iranien doit se prononcer pour le droit \u00e0 l\u2019autod\u00e9termination des minorit\u00e9s kurdes et le droit \u00e0 former un \u00c9tat kurde unifi\u00e9 : c\u2019est le seul moyen d\u2019unir la classe ouvri\u00e8re dans ces \u00c9tats.<\/p>\n<p>Au Proche-Orient, la lutte contre l\u2019oppression nationale dont sont victimes les Kurdes ne peut pas \u00eatre laiss\u00e9e aux mains des cliques petites bourgeoises (PKK, PYD\u2026) ou bourgeoises (PDK, UPK). Tous les partis nationalistes remettent le sort des peuples kurdes soit \u00e0 telle ou telle puissances r\u00e9gionale en rivalit\u00e9 (Turquie, Iran, Isra\u00ebl\u2026), soit aux puissances imp\u00e9rialistes (\u00c9tats-Unis, Russie\u2026). La classe ouvri\u00e8re, en luttant pour la r\u00e9volution socialiste, est la seule capable de lutter sinc\u00e8rement pour les droits des peuples opprim\u00e9s (Palestiniens, Kurdes\u2026) et des minorit\u00e9s religieuses de toute la r\u00e9gion.<\/p>\n<p>Front unique ouvrier pour le retrait de l\u2019arm\u00e9e turque de la Syrie !<\/p>\n<p><center>11 octobre 2019<\/center><\/p>\n<p><center>CoReP (Allemagne, Autriche, Canada, France, Turquie)<\/center><\/p>\n<p><center>IKC (Espagne)<\/center><\/p>\n<\/div>\n","protected":false},"excerpt":{"rendered":"<p>Le 6 octobre, le pr\u00e9sident des \u00c9tats-Unis Trump s\u2019entretient par t\u00e9l\u00e9phone avec le pr\u00e9sident de la Turquie Erdo\u011fan puis il ordonne le retrait des \u00ab forces sp\u00e9ciales \u00bb de l\u2019arm\u00e9e&#8230; <a href=\"https:\/\/www.revolucionpermanente.com\/francais\/2019\/10\/11\/armee-turque-hors-de-syrie\/\">Read more &raquo;<\/a><\/p>\n","protected":false},"author":1,"featured_media":0,"comment_status":"closed","ping_status":"closed","sticky":false,"template":"","format":"standard","meta":{"footnotes":""},"categories":[1],"tags":[],"class_list":["post-672","post","type-post","status-publish","format-standard","hentry","category-non-classe"],"_links":{"self":[{"href":"https:\/\/www.revolucionpermanente.com\/francais\/wp-json\/wp\/v2\/posts\/672","targetHints":{"allow":["GET"]}}],"collection":[{"href":"https:\/\/www.revolucionpermanente.com\/francais\/wp-json\/wp\/v2\/posts"}],"about":[{"href":"https:\/\/www.revolucionpermanente.com\/francais\/wp-json\/wp\/v2\/types\/post"}],"author":[{"embeddable":true,"href":"https:\/\/www.revolucionpermanente.com\/francais\/wp-json\/wp\/v2\/users\/1"}],"replies":[{"embeddable":true,"href":"https:\/\/www.revolucionpermanente.com\/francais\/wp-json\/wp\/v2\/comments?post=672"}],"version-history":[{"count":1,"href":"https:\/\/www.revolucionpermanente.com\/francais\/wp-json\/wp\/v2\/posts\/672\/revisions"}],"predecessor-version":[{"id":673,"href":"https:\/\/www.revolucionpermanente.com\/francais\/wp-json\/wp\/v2\/posts\/672\/revisions\/673"}],"wp:attachment":[{"href":"https:\/\/www.revolucionpermanente.com\/francais\/wp-json\/wp\/v2\/media?parent=672"}],"wp:term":[{"taxonomy":"category","embeddable":true,"href":"https:\/\/www.revolucionpermanente.com\/francais\/wp-json\/wp\/v2\/categories?post=672"},{"taxonomy":"post_tag","embeddable":true,"href":"https:\/\/www.revolucionpermanente.com\/francais\/wp-json\/wp\/v2\/tags?post=672"}],"curies":[{"name":"wp","href":"https:\/\/api.w.org\/{rel}","templated":true}]}}