{"id":655,"date":"2019-05-28T12:00:48","date_gmt":"2019-05-28T10:00:48","guid":{"rendered":"http:\/\/www.revolucionpermanente.com\/francais\/?p=655"},"modified":"2019-05-30T11:50:11","modified_gmt":"2019-05-30T09:50:11","slug":"algerie-arret-de-la-repression-liberation-de-louisa-hanoune","status":"publish","type":"post","link":"https:\/\/www.revolucionpermanente.com\/francais\/2019\/05\/28\/algerie-arret-de-la-repression-liberation-de-louisa-hanoune\/","title":{"rendered":"Alg\u00e9rie : arr\u00eat de la r\u00e9pression, lib\u00e9ration de Louisa Hanoune !"},"content":{"rendered":"<div id='corps_texte'>\nLes protestations massives de la population alg\u00e9rienne contre le r\u00e9gime et sa corruption ont abouti \u00e0 un changement de fa\u00e7ade. Le g\u00e9n\u00e9ral Salah et l\u2019\u00e9tat-major, qui \u00e9taient jusqu\u2019alors les alli\u00e9s fid\u00e8les du clan de Bouteflika, se sont retourn\u00e9s contre lui. <\/p>\n<p>La t\u00e9l\u00e9vision a montr\u00e9 le 5 mai l\u2019arriv\u00e9e de trois personnalit\u00e9s devant les grands escaliers du Tribunal militaire de Blida : le fr\u00e8re du pr\u00e9sident d\u00e9chu, Sa\u00efd Bouteflika ; l\u2019ex-coordinateur des services de s\u00e9curit\u00e9, Athmane Tartag ; le patron durant un quart de si\u00e8cle des services secrets alg\u00e9riens (DRS), Mohamed Medi\u00e8ne dit Toufik.<!--more--><\/p>\n<p><quote class='citations'>Le chef d\u2019\u00e9tat-major de l\u2019ANP et vice-ministre de la d\u00e9fense nationale, Ahmed Ga\u00efd Salah, est all\u00e9 jusqu\u2019au bout de ses menaces publiques contre ceux qu\u2019il a pr\u00e9sent\u00e9s, il y a quelques jours, comme \u00e9tant une bande, l\u2019accusant d&rsquo;avoir complot\u00e9 contre l\u2019\u00c9tat. (El Watan, 6 mai)<\/quote><\/p>\n<p>La justice militaire a aussi plac\u00e9 le 9 mai Hanoune, la secr\u00e9taire g\u00e9n\u00e9rale du Parti des travailleurs (PT), en d\u00e9tention provisoire, apr\u00e8s l\u2019avoir inculp\u00e9e de \u00ab<em> complots contre l\u2019arm\u00e9e et l\u2019\u00c9tat <\/em>\u00bb. <\/p>\n<p><quote class='citations'>Convoqu\u00e9e comme t\u00e9moin par le tribunal militaire de Blida, Louisa Hanoune, secr\u00e9taire g\u00e9n\u00e9rale du Parti des travailleurs, a \u00e9t\u00e9 plac\u00e9e en d\u00e9tention apr\u00e8s plus de cinq heures d\u2019audition par le juge charg\u00e9 du dossier de Sa\u00efd Bouteflika et des deux g\u00e9n\u00e9raux Toufik et Tartag. (El Watan, 10 mai)<\/quote><\/p>\n<p>Le 21 mai, les \u00e9tudiants qui manifestaient contre le r\u00e9gime maintenu ont \u00e9t\u00e9 r\u00e9prim\u00e9s.<\/p>\n<p>L\u2019\u00c9tat bourgeois tente d\u2019intimider. Les organisations ouvri\u00e8res de tous les pays doivent protester contre la r\u00e9pression des manifestants, l\u2019arrestation et l\u2019emprisonnement de tout responsables d\u2019un syndicat ou d\u2019un parti d\u2019origine ouvri\u00e8re, quelle que soit sa politique. <\/p>\n<p>Dans le cas du PT, que la presse pr\u00e9sente abusivement comme \u00ab<em> trotskyste <\/em>\u00bb, cette politique est ind\u00e9fendable. Le PT avait constitu\u00e9 une coalition avec l\u2019ancien parti unique (FLN) et les islamistes (FIS) puis, apr\u00e8s la guerre civile, s\u2019\u00e9tait rapproch\u00e9 du r\u00e9gime Salah-Bouteflika, ce qui permettait \u00e0 son courant international (l\u2019Entente internationale des travailleurs et des peuples), de tenir des conf\u00e9rences en Alg\u00e9rie. <\/p>\n<p>Mais c\u2019est \u00e0 la classe ouvri\u00e8re de juger ses organisations et ses dirigeants, pas \u00e0 l\u2019appareil r\u00e9pressif de l\u2019\u00c9tat bourgeois. <\/p>\n<p>Solidarit\u00e9 internationale avec les travailleuses, les travailleurs et les jeunes alg\u00e9riens ! Lib\u00e9ration imm\u00e9diate de Hanoune ! Lev\u00e9e de toutes les poursuites contre les manifestants \u00e9tudiants et les dirigeants du PT ! Respect du droit de manifester, de s\u2019exprimer, de s\u2019organiser !<\/p>\n<p><center>28 mai 2019<\/center><\/p>\n<p><center>Collectif r\u00e9volution permanente<\/center>\n<\/div>\n","protected":false},"excerpt":{"rendered":"<p>Les protestations massives de la population alg\u00e9rienne contre le r\u00e9gime et sa corruption ont abouti \u00e0 un changement de fa\u00e7ade. Le g\u00e9n\u00e9ral Salah et l\u2019\u00e9tat-major, qui \u00e9taient jusqu\u2019alors les alli\u00e9s&#8230; <a href=\"https:\/\/www.revolucionpermanente.com\/francais\/2019\/05\/28\/algerie-arret-de-la-repression-liberation-de-louisa-hanoune\/\">Read more &raquo;<\/a><\/p>\n","protected":false},"author":1,"featured_media":0,"comment_status":"closed","ping_status":"closed","sticky":false,"template":"","format":"standard","meta":{"footnotes":""},"categories":[1],"tags":[],"class_list":["post-655","post","type-post","status-publish","format-standard","hentry","category-non-classe"],"_links":{"self":[{"href":"https:\/\/www.revolucionpermanente.com\/francais\/wp-json\/wp\/v2\/posts\/655","targetHints":{"allow":["GET"]}}],"collection":[{"href":"https:\/\/www.revolucionpermanente.com\/francais\/wp-json\/wp\/v2\/posts"}],"about":[{"href":"https:\/\/www.revolucionpermanente.com\/francais\/wp-json\/wp\/v2\/types\/post"}],"author":[{"embeddable":true,"href":"https:\/\/www.revolucionpermanente.com\/francais\/wp-json\/wp\/v2\/users\/1"}],"replies":[{"embeddable":true,"href":"https:\/\/www.revolucionpermanente.com\/francais\/wp-json\/wp\/v2\/comments?post=655"}],"version-history":[{"count":1,"href":"https:\/\/www.revolucionpermanente.com\/francais\/wp-json\/wp\/v2\/posts\/655\/revisions"}],"predecessor-version":[{"id":656,"href":"https:\/\/www.revolucionpermanente.com\/francais\/wp-json\/wp\/v2\/posts\/655\/revisions\/656"}],"wp:attachment":[{"href":"https:\/\/www.revolucionpermanente.com\/francais\/wp-json\/wp\/v2\/media?parent=655"}],"wp:term":[{"taxonomy":"category","embeddable":true,"href":"https:\/\/www.revolucionpermanente.com\/francais\/wp-json\/wp\/v2\/categories?post=655"},{"taxonomy":"post_tag","embeddable":true,"href":"https:\/\/www.revolucionpermanente.com\/francais\/wp-json\/wp\/v2\/tags?post=655"}],"curies":[{"name":"wp","href":"https:\/\/api.w.org\/{rel}","templated":true}]}}