{"id":1037,"date":"2024-03-08T12:00:00","date_gmt":"2024-03-08T11:00:00","guid":{"rendered":"https:\/\/www.revolucionpermanente.com\/francais\/?p=1037"},"modified":"2024-03-12T12:53:17","modified_gmt":"2024-03-12T11:53:17","slug":"petition-non-aux-poursuites-penales-contre-lactiviste-pro-palestinien-michael-probsting","status":"publish","type":"post","link":"https:\/\/www.revolucionpermanente.com\/francais\/2024\/03\/08\/petition-non-aux-poursuites-penales-contre-lactiviste-pro-palestinien-michael-probsting\/","title":{"rendered":"P\u00e9tition : Non aux poursuites p\u00e9nales contre l&rsquo;activiste pro-palestinien Michael Pr\u00f6bsting !"},"content":{"rendered":"\n<p style=\"margin: 0;text-align: right;\"><a href=\"https:\/\/www.thecommunists.net\/rcit\/petition-no-to-criminal-complaint-against-pro-palestine-activist-michael-proebsting\/#anker_4\">Lien vers l&rsquo;appel<\/a><\/p>\nPlusieurs forces pro-isra\u00e9liennes en Autriche ont d\u00e9pos\u00e9 une plainte p\u00e9nale contre Michael Pr\u00f6bsting, le secr\u00e9taire international du CCRI\/RCIT. Cette plainte p\u00e9nale est bas\u00e9e sur des \u00ab<em>soup\u00e7ons d&rsquo;incitation \u00e0 commettre des actes terroristes et d&rsquo;approbation d&rsquo;actes terroristes, conform\u00e9ment au paragraphe 282a, section 2, du code p\u00e9nal<\/em>\u00bb.<br><br>\n\nMichael est un militant de longue date de la solidarit\u00e9 et intervient r\u00e9guli\u00e8rement dans les manifestations pro-palestiniennes en Autriche depuis de nombreuses ann\u00e9es.<br><br>\n\nLa plainte p\u00e9nale se fonde sur un paragraphe de la d\u00e9claration du CCRI du 7 octobre 2023, distribu\u00e9e sous forme de tract lors des manifestations : \u00ab<em>Le CCRI r\u00e9affirme que tant que l&rsquo;\u00c9tat sioniste existera, les Palestiniens continueront \u00e0 souffrir du terrorisme d&rsquo;\u00c9tat ! C&rsquo;est pourquoi nous d\u00e9fendons la perspective socialiste d&rsquo;une Palestine d\u00e9mocratique et rouge. Nous soutenons la lutte pour la destruction de l&rsquo;\u00c9tat sioniste et le droit au retour de tous les r\u00e9fugi\u00e9s palestiniens.<\/em>\u00bb<br><br>\n\n\u00c0 la suite de la plainte p\u00e9nale, Michael a \u00e9t\u00e9 convoqu\u00e9 au si\u00e8ge de la police \u00e0 Vienne, o\u00f9 il a \u00e9t\u00e9 interrog\u00e9 sur ses opinions politiques concernant la guerre de Gaza et ses activit\u00e9s politiques. Si le minist\u00e8re public engage des poursuites judiciaires, Michael risque jusqu&rsquo;\u00e0 deux ans de prison s&rsquo;il est reconnu coupable.<br><br>\n\nLa plainte p\u00e9nale d\u00e9pos\u00e9e contre Michael Pr\u00f6bsting fait partie d&rsquo;une s\u00e9rie de tentatives visant \u00e0 faire taire les voix de la solidarit\u00e9 avec la Palestine.<br><br>\n\nLes organisations soussign\u00e9es &#8211; qu&rsquo;elles soient ou non d&rsquo;accord avec les positions sp\u00e9cifiques d\u00e9crites dans la citation ci-dessus &#8211; d\u00e9fendent le droit d\u00e9mocratique \u00e0 la libert\u00e9 d&rsquo;expression et protestent contre ces tentatives de criminaliser les activistes pro-palestiniens.<br><br>\n\n<ul><li>AMR Controvento (Italy)<\/li>\n<li>ControCorrente (Italy)<\/li>\n<li>League for the Fifth International<\/li>\n<li>League for the Fourth International<\/li>\n<li>NAR (Neo Aristero Revma, Greece)<\/li>\n<li>OKDE (Greece)<\/li>\n<li>Partido Obrero (Argentina)<\/li>\n<li>Partito Comunista dei Lavoratori (Italy)<\/li>\n<li>Revolutionary Communist International Tendency<\/li>\n<li>Sosyalist Emekciler Partisi (T\u00fcrkiye)<\/li>\n<li>Workers International Network<\/li>\n<li>International Communist League (Fourth Internationalist)<\/li>\n<li>CoReP &#8211; Collectif R\u00e9volution Permanente<\/li>\n<li>Gruppe KLASSENKAMPF (Austria)<\/li>\n<li>Groupe marxiste internationaliste (France)<\/li>\n<li>Andre Genissieux (France) <\/li><\/ul>\n","protected":false},"excerpt":{"rendered":"<p>Lien vers l&rsquo;appel Plusieurs forces pro-isra\u00e9liennes en Autriche ont d\u00e9pos\u00e9 une plainte p\u00e9nale contre Michael Pr\u00f6bsting, le secr\u00e9taire international du CCRI\/RCIT. Cette plainte p\u00e9nale est bas\u00e9e sur des \u00absoup\u00e7ons d&rsquo;incitation&#8230; <a href=\"https:\/\/www.revolucionpermanente.com\/francais\/2024\/03\/08\/petition-non-aux-poursuites-penales-contre-lactiviste-pro-palestinien-michael-probsting\/\">Read more &raquo;<\/a><\/p>\n","protected":false},"author":1,"featured_media":0,"comment_status":"closed","ping_status":"closed","sticky":false,"template":"","format":"standard","meta":{"footnotes":""},"categories":[1],"tags":[],"class_list":["post-1037","post","type-post","status-publish","format-standard","hentry","category-non-classe"],"_links":{"self":[{"href":"https:\/\/www.revolucionpermanente.com\/francais\/wp-json\/wp\/v2\/posts\/1037","targetHints":{"allow":["GET"]}}],"collection":[{"href":"https:\/\/www.revolucionpermanente.com\/francais\/wp-json\/wp\/v2\/posts"}],"about":[{"href":"https:\/\/www.revolucionpermanente.com\/francais\/wp-json\/wp\/v2\/types\/post"}],"author":[{"embeddable":true,"href":"https:\/\/www.revolucionpermanente.com\/francais\/wp-json\/wp\/v2\/users\/1"}],"replies":[{"embeddable":true,"href":"https:\/\/www.revolucionpermanente.com\/francais\/wp-json\/wp\/v2\/comments?post=1037"}],"version-history":[{"count":3,"href":"https:\/\/www.revolucionpermanente.com\/francais\/wp-json\/wp\/v2\/posts\/1037\/revisions"}],"predecessor-version":[{"id":1040,"href":"https:\/\/www.revolucionpermanente.com\/francais\/wp-json\/wp\/v2\/posts\/1037\/revisions\/1040"}],"wp:attachment":[{"href":"https:\/\/www.revolucionpermanente.com\/francais\/wp-json\/wp\/v2\/media?parent=1037"}],"wp:term":[{"taxonomy":"category","embeddable":true,"href":"https:\/\/www.revolucionpermanente.com\/francais\/wp-json\/wp\/v2\/categories?post=1037"},{"taxonomy":"post_tag","embeddable":true,"href":"https:\/\/www.revolucionpermanente.com\/francais\/wp-json\/wp\/v2\/tags?post=1037"}],"curies":[{"name":"wp","href":"https:\/\/api.w.org\/{rel}","templated":true}]}}