{"id":216,"date":"2018-05-03T23:51:37","date_gmt":"2018-05-03T21:51:37","guid":{"rendered":"http:\/\/www.revolucionpermanente.com\/deutsch\/?p=216"},"modified":"2018-05-27T16:28:19","modified_gmt":"2018-05-27T14:28:19","slug":"turkei-sofortige-freilassung-von-kadir-cinar","status":"publish","type":"post","link":"https:\/\/www.revolucionpermanente.com\/deutsch\/2018\/05\/03\/turkei-sofortige-freilassung-von-kadir-cinar\/","title":{"rendered":"T\u00fcrkei: sofortige Freilassung von Kadir \u00c7\u0131nar!"},"content":{"rendered":"<p>Die islamistische Regierung Erdo\u011fan hat am Vorabend des 1. Mai 2018 in mehreren St\u00e4dten der T\u00fcrkei 84 Verhaftungen vornehmen lassen.<\/p>\n<p>Unsere Genossen von Patronsuz D\u00fcnya haben uns mitgeteilt, dass sich unter den Festgenommen Kadir \u00c7\u0131nar befindet, der in seiner Wohnung in Bursa in der Nacht des 29. April verhaftet wurde.<\/p>\n<p>Kadir ist ein Arbeiter (Koch), ein Gewerkschaftsaktivist (Gewerkschaftsvertreter von Dev Turizm \u0130\u015f), ein Revolution\u00e4r und Internationalist.<\/p>\n<p>Die Polizei beschuldigt ihn, sich auf Trotzki zu berufen und seine Ideen in sozialen Netzwerken zu verbreiten. Das Gericht hat ihn am 2. Mai f\u00fcr verhaftet erkl\u00e4rt. Er befindet sich in Isolationshaft und die Akten unterliegen der Geheimhaltung.<\/p>\n<p>Wir fordern die Freilassung von Kadir \u00c7\u0131nar und allen anderen Gefangenen der Arbeiterbewegung und der kurdischen Bewegung, ohne jegliche Sanktionen oder Anklagen!<\/p>\n<p style=\"text-align: center;\">3. Mai 2018<\/p>\n<p style=\"text-align: center;\">Kollektiv Permanente Revolution<\/p>\n<p style=\"text-align: center;\">www.revolucionpermanente.com<\/p>\n<p>Protestiert bei den t\u00fcrkischen Botschaften in euren L\u00e4ndern:<\/p>\n<p>Botschaft der t\u00fcrkischen Republik<\/p>\n<p>Prinz Eugen-Stra\u00dfe 40<\/p>\n<p>1040 Wien<\/p>\n<p>botschaft.wien@mfa.gov.tr<\/p>\n<p>Botschaft der t\u00fcrkischen Republik<\/p>\n<p>Tiergartenstrasse 19-21<\/p>\n<p>10785 BERLIN<\/p>\n","protected":false},"excerpt":{"rendered":"<p>Die islamistische Regierung Erdo\u011fan hat am Vorabend des 1. Mai 2018 in mehreren St\u00e4dten der T\u00fcrkei 84 Verhaftungen vornehmen lassen. Unsere Genossen von Patronsuz D\u00fcnya haben uns mitgeteilt, dass sich&#8230; <a href=\"https:\/\/www.revolucionpermanente.com\/deutsch\/2018\/05\/03\/turkei-sofortige-freilassung-von-kadir-cinar\/\">Lesen Sie mehr &raquo;<\/a><\/p>\n","protected":false},"author":1,"featured_media":217,"comment_status":"closed","ping_status":"closed","sticky":false,"template":"","format":"standard","meta":{"footnotes":""},"categories":[1],"tags":[],"class_list":["post-216","post","type-post","status-publish","format-standard","has-post-thumbnail","hentry","category-allgemein"],"_links":{"self":[{"href":"https:\/\/www.revolucionpermanente.com\/deutsch\/wp-json\/wp\/v2\/posts\/216","targetHints":{"allow":["GET"]}}],"collection":[{"href":"https:\/\/www.revolucionpermanente.com\/deutsch\/wp-json\/wp\/v2\/posts"}],"about":[{"href":"https:\/\/www.revolucionpermanente.com\/deutsch\/wp-json\/wp\/v2\/types\/post"}],"author":[{"embeddable":true,"href":"https:\/\/www.revolucionpermanente.com\/deutsch\/wp-json\/wp\/v2\/users\/1"}],"replies":[{"embeddable":true,"href":"https:\/\/www.revolucionpermanente.com\/deutsch\/wp-json\/wp\/v2\/comments?post=216"}],"version-history":[{"count":2,"href":"https:\/\/www.revolucionpermanente.com\/deutsch\/wp-json\/wp\/v2\/posts\/216\/revisions"}],"predecessor-version":[{"id":223,"href":"https:\/\/www.revolucionpermanente.com\/deutsch\/wp-json\/wp\/v2\/posts\/216\/revisions\/223"}],"wp:featuredmedia":[{"embeddable":true,"href":"https:\/\/www.revolucionpermanente.com\/deutsch\/wp-json\/wp\/v2\/media\/217"}],"wp:attachment":[{"href":"https:\/\/www.revolucionpermanente.com\/deutsch\/wp-json\/wp\/v2\/media?parent=216"}],"wp:term":[{"taxonomy":"category","embeddable":true,"href":"https:\/\/www.revolucionpermanente.com\/deutsch\/wp-json\/wp\/v2\/categories?post=216"},{"taxonomy":"post_tag","embeddable":true,"href":"https:\/\/www.revolucionpermanente.com\/deutsch\/wp-json\/wp\/v2\/tags?post=216"}],"curies":[{"name":"wp","href":"https:\/\/api.w.org\/{rel}","templated":true}]}}