{"id":41,"date":"2018-08-20T12:00:09","date_gmt":"2018-08-20T10:00:09","guid":{"rendered":"http:\/\/www.revolucionpermanente.com\/catala\/?p=41"},"modified":"2018-09-10T13:38:33","modified_gmt":"2018-09-10T11:38:33","slug":"turquia-kadir-cinar-condemnat-a-mes-d1-any-i-mig-de-preso-per-delicte-dopinio","status":"publish","type":"post","link":"https:\/\/www.revolucionpermanente.com\/catala\/2018\/08\/20\/turquia-kadir-cinar-condemnat-a-mes-d1-any-i-mig-de-preso-per-delicte-dopinio\/","title":{"rendered":"Turquia: Kadir \u00c7\u0131nar condemnat a m\u00e9s d&#8217;1 any i mig de pres\u00f3 per delicte d&#8217;opini\u00f3"},"content":{"rendered":"<div id='corps_texte'>\n<p>El 29 d&#8217;abril la policia va detindre en Bursa (Turquia) al treballador de la restauraci\u00f3 i militant comunista internacionalista Kadir \u00c7\u0131nar, acusat de compartir en les xarxes socials posicions en defensa dels drets del poble kurd. Empresonat des de llavors, ha sigut jutjat el 14 d&#8217;agost. El tribunal sotm\u00e8s a les ordres del govern islamista l\u2019ha sentenciat a un any, sis mesos i 22 dies de pres\u00f3. La seua sent\u00e8ncia no ha sigut posposada a causa d&#8217;una altra sent\u00e8ncia condicional anterior, de 10 mesos. Com tenia 3 mesos i mig de pres\u00f3 ja complerts i la condemna restant era de menys d&#8217;un any, ha sigut posat en llibertat condicional.<\/p>\n<p>Gr\u00e0cies a totes les organitzacions obreres que van protestar contra el seu arrest i detenci\u00f3.<\/p>\n<ul>\n<li>Llibertat per a tots els presos del moviment obrer i els pobles oprimits!<\/li>\n<li>Respecte de les llibertats democr\u00e0tiques fonamentals!<\/li>\n<li>Dret per als kurds de separar-se de l\u2019Estat turc i fundar un Estat amb els altres kurds de la regi\u00f3!<\/li>\n<\/ul>\n<p><b>Bur\u00f3 Internacional del Col\u00b7lectiu Revolucionari Permanent<\/b><\/p>\n<\/div>\n","protected":false},"excerpt":{"rendered":"<p>El 29 d&#8217;abril la policia va detindre en Bursa (Turquia) al treballador de la restauraci\u00f3 i militant comunista internacionalista Kadir \u00c7\u0131nar, acusat de compartir en les xarxes socials posicions en&#8230; <a href=\"https:\/\/www.revolucionpermanente.com\/catala\/2018\/08\/20\/turquia-kadir-cinar-condemnat-a-mes-d1-any-i-mig-de-preso-per-delicte-dopinio\/\">M\u00e9s informaci\u00f3 &raquo;<\/a><\/p>\n","protected":false},"author":1,"featured_media":43,"comment_status":"closed","ping_status":"closed","sticky":false,"template":"","format":"standard","meta":{"footnotes":""},"categories":[1],"tags":[],"class_list":["post-41","post","type-post","status-publish","format-standard","has-post-thumbnail","hentry","category-non-classe"],"_links":{"self":[{"href":"https:\/\/www.revolucionpermanente.com\/catala\/wp-json\/wp\/v2\/posts\/41","targetHints":{"allow":["GET"]}}],"collection":[{"href":"https:\/\/www.revolucionpermanente.com\/catala\/wp-json\/wp\/v2\/posts"}],"about":[{"href":"https:\/\/www.revolucionpermanente.com\/catala\/wp-json\/wp\/v2\/types\/post"}],"author":[{"embeddable":true,"href":"https:\/\/www.revolucionpermanente.com\/catala\/wp-json\/wp\/v2\/users\/1"}],"replies":[{"embeddable":true,"href":"https:\/\/www.revolucionpermanente.com\/catala\/wp-json\/wp\/v2\/comments?post=41"}],"version-history":[{"count":2,"href":"https:\/\/www.revolucionpermanente.com\/catala\/wp-json\/wp\/v2\/posts\/41\/revisions"}],"predecessor-version":[{"id":44,"href":"https:\/\/www.revolucionpermanente.com\/catala\/wp-json\/wp\/v2\/posts\/41\/revisions\/44"}],"wp:featuredmedia":[{"embeddable":true,"href":"https:\/\/www.revolucionpermanente.com\/catala\/wp-json\/wp\/v2\/media\/43"}],"wp:attachment":[{"href":"https:\/\/www.revolucionpermanente.com\/catala\/wp-json\/wp\/v2\/media?parent=41"}],"wp:term":[{"taxonomy":"category","embeddable":true,"href":"https:\/\/www.revolucionpermanente.com\/catala\/wp-json\/wp\/v2\/categories?post=41"},{"taxonomy":"post_tag","embeddable":true,"href":"https:\/\/www.revolucionpermanente.com\/catala\/wp-json\/wp\/v2\/tags?post=41"}],"curies":[{"name":"wp","href":"https:\/\/api.w.org\/{rel}","templated":true}]}}