{"id":374,"date":"2025-07-18T12:00:58","date_gmt":"2025-07-18T10:00:58","guid":{"rendered":"https:\/\/www.revolucionpermanente.com\/catala\/?p=374"},"modified":"2025-08-14T16:25:11","modified_gmt":"2025-08-14T14:25:11","slug":"ladeu-a-les-armes-del-pkk","status":"publish","type":"post","link":"https:\/\/www.revolucionpermanente.com\/catala\/2025\/07\/18\/ladeu-a-les-armes-del-pkk\/","title":{"rendered":"L&#8217;adeu a les armes del PKK"},"content":{"rendered":"<div id='corps_texte'>\n<h3>El que es crema no s\u00f3n les armes, sin\u00f3 l&#8217;esperan\u00e7a, la resist\u00e8ncia i l&#8217;alliberament dels kurds<\/h3>\n<p><quote class=\"citations\">La burgesia de les nacions oprimides converteix constantment les consignes d&#8217;alliberament nacional en un engany per als obrers. En la pol\u00edtica interior, utilitza aquestes consignes per a concloure acords reaccionaris amb la burgesia de les nacions dominants [&#8230;]; en la pol\u00edtica exterior, cerca pactar amb alguna de les pot\u00e8ncies imperialistes comtetidores [&#8230;]. (Lenin, <em>La revoluci\u00f3 socialista i el dret de les nacions a l&#8217;autodeterminaci\u00f3<\/em>, febrer de 1916, Tesi 4)<\/quote><\/p>\n<h3>Una \u00ab<em>Turquia sense terror<\/em>\u00bb o la rendici\u00f3 del PKK?<\/h3>\n<p>La nova fase declarada pel Partit dels Treballadors del Kurdistan (PKK, partit nacionalista burg\u00e9s, la branca siriana del qual es denomina PYD, l\u2019iraniana, PJAK, i l\u2019iraquiana, PCDK) l&#8217;11 de juliol, despr\u00e9s de la &#8220;cerim\u00f2nia de crema d&#8217;armes&#8221; en Sulaymaniyah, Kurdistan iraqui\u00e0, no sols significa el silenci de les armes, sin\u00f3 tamb\u00e9 la liquidaci\u00f3 conscient d&#8217;una lluita hist\u00f2rica.<\/p>\n<p>Aquesta cerim\u00f2nia no simbolitza ni la pau ni una soluci\u00f3 a la q\u00fcesti\u00f3 kurda. Per contra, implica el desarmament de la cerca de llibertat del poble kurd, l&#8217;intent de despolititzar-lo i sotmetre&#8217;l al control dels estats burgesos turc i siri\u00e0. Aquesta nova fase ja va ser declarada en el XII Congr\u00e9s del PKK al maig de 2025. L&#8217;adopci\u00f3 d&#8217;una l\u00ednia sense democr\u00e0cia, sense ex\u00e8rcit i sense partit acaba ara amb la crema d&#8217;armes. Per\u00f2 no es tracta nom\u00e9s d&#8217;armes; el que les guerrilles estan abandonant \u00e9s l&#8217;esperan\u00e7a de tot un poble. Les consignes de lluita, com la &#8220;federaci\u00f3&#8221;, l&#8217;autonomia o la independ\u00e8ncia, van ser cremades i enterrades simb\u00f2licament en aquesta cerim\u00f2nia.<\/p>\n<p>Aquest proc\u00e9s, dirigit amb la cooperaci\u00f3 d\u2019Erdo\u011fan (President de la Rep\u00fablica de Turquia, AKP), el Partit de la Just\u00edcia i el Desenvolupament, AKP &#8211; islamista), el Partit d&#8217;Acci\u00f3 Nacionalista (MHP, filo- feixista) i el Partit per a la Igualtat dels Pobles i la Democr\u00e0cia (DEM, una fa\u00e7ana legal del PKK, proscrit igual que l\u2019HDP que el va precedir), \u00e9s un projecte d&#8217;Estat. El seu nom \u00e9s &#8220;Turquia sense Terror&#8221;, per\u00f2 el seu contingut \u00e9s la subjugaci\u00f3 militar total del poble kurd, la seua neutralitzaci\u00f3 pol\u00edtica i la seua integraci\u00f3 a l&#8217;Estat turc (i a l&#8217;Estat siri\u00e0). <\/p>\n<h3>La liquidaci\u00f3 del PKK \u00e9s el resultat de &#8220;raons d&#8217;Estat&#8221;<\/h3>\n<p>La cerim\u00f2nia d&#8217;incinerai\u00f3 d&#8217;armes, encara que a primera vista puga semblar simb\u00f2lica, \u00e9s en \u00faltima inst\u00e0ncia enginyeria de contra-guerrilla, \u00e9s a dir, una operaci\u00f3 estatal a gran escala.<\/p>\n<p><quote class=\"citations\">Nosaltres \u2014AKP, MHP i DEM\u2014 hem decidit avan\u00e7ar els tres junts en aquest cam\u00ed. Caminarem, fent passos cadascun cap als altres. Si D\u00e9u vol, construirem junts, m\u00e0 a m\u00e0, el segle de Turquia. (Erdo\u011fan, <em>Discurs als dirigents de l&#8217;AKP<\/em>, 12 de juliol)<\/quote><\/p>\n<p>La realitat \u00e9s que la incineraci\u00f3 d&#8217;armes no es duu a terme en inter\u00e9s del poble kurd, sin\u00f3 per a aplanar el cam\u00ed als plans regionals de la burgesia turca.<\/p>\n<p>Ankara presenta aquest proc\u00e9s com &#8220;la Turquia sense terror&#8221;. No obstant aix\u00f2, el que l&#8217;Estat ent\u00e9n per &#8220;abs\u00e8ncia de terror&#8221; \u00e9s l&#8217;abs\u00e8ncia de lluita del poble kurd, \u00e9s a dir, la seua submissi\u00f3. La lluita armada ha sigut sufocada, les reivindicacions nacionals democr\u00e0tiques s&#8217;han extingit i se li impedeix al poble ser subjecte de la pol\u00edtica. En resum, una pau sense poble i una naci\u00f3 sense armes.<\/p>\n<p>El proc\u00e9s de desarmament no es limita nom\u00e9s a la pol\u00edtica interna turca. En la via que condueix a la tercera guerra mundial, l&#8217;Estat turc vol crear-se un espai de maniobra. En aquest context:<\/p>\n<ul>\n<li>S&#8217;ampliar\u00e0 el marge de maniobra militar i pol\u00edtic de Turquia en el nord de S\u00edria;<\/li>\n<li>La pres\u00e8ncia militar del PKK es neutralitzar\u00e0;<\/li>\n<li>Es facilitar\u00e0 la integraci\u00f3 de Rojava (la Uni\u00f3 de Comunitats del Kurdistan, KCK de S\u00edria) a Turquia.<\/li>\n<\/ul>\n<p>\u00d6calan (cap suprem del PKK, detingut per l&#8217;Estat turc) va decidir aquest canvi estrat\u00e8gic. <\/p>\n<p><quote class=\"citations\">Si Turquia s&#8217;envolta dels kurds del nord, podr\u00e0 reclamar Mossul i Kirkuk. (\u00d6calan, <em>Declaraci\u00f3 final en el seu judici<\/em>, juny de 1999).<\/quote><\/p>\n<p>Per tant, no es tracta d&#8217;una \u00ab<em>transformaci\u00f3 interna del PKK<\/em>\u00bb, sin\u00f3 d&#8217;una declaraci\u00f3 de l&#8217;Estat burg\u00e9s turc sobre la seua expansi\u00f3 en detriment del poble kurd. El fet que el KCK, el HDP, el DEM i, en general, els aparells burgesos kurds no s&#8217;oposen realment a aquest proc\u00e9s demostra la profunditat de la col\u00b7laboraci\u00f3. <\/p>\n<h3>El PKK es converteix en un subcontractista de l&#8217;expansionisme de la burgesia turca<\/h3>\n<p>El projecte &#8220;Turquia sense Terror&#8221; forma part del projecte de bloc reaccionari que Erdo\u011fan intenta construir dins d&#8217;un marc hist\u00f2ric i ideol\u00f2gic molt m\u00e9s ampli.<\/p>\n<p><quote class=\"citations\">Hem decidit renovar l&#8217;alian\u00e7a entre turcs, \u00e0rabs i kurds. L&#8217;ess\u00e8ncia de les guerres de Malazgirt, Jerusalem i l&#8217;alliberament nacional est\u00e0 cobrant forma de nou. Damasc \u00e9s la nostra ciutat comuna, Diyarbakir, Mossul, Kirkuk&#8230; i Alep s\u00f3n les nostres ciutats comunes\u2026 (Erdo\u011fan, <em>Discurs als dirigents de l&#8217;AKP,<\/em> 12 de juliol)<\/quote><\/p>\n<p>Erdo\u011fan no es limita nom\u00e9s a la Turquia actual; reivindica drets &#8220;hist\u00f2rics&#8221; sobre els territoris de S\u00edria i l&#8217;Iraq, basats en el panislamisme i l&#8217;afiliaci\u00f3 a la fe musulmana. I per a establir aquesta alian\u00e7a, era necessari liquidar i desarmar el PKK, que era la principal for\u00e7a d&#8217;autodefensa del poble kurd a Turquia i S\u00edria.<\/p>\n<p>Els actors pol\u00edtics kurds no s&#8217;han oposat al projecte d\u2019Erdo\u011fan, i fins i tot s&#8217;han integrat obertament en ell. Hui, el DEM ja no \u00e9s simplement un partit parlamentari burg\u00e9s; est\u00e0 directament integrat en la pol\u00edtica exterior de l&#8217;Estat burg\u00e9s. <\/p>\n<p>L&#8217;objectiu de Turquia amb aquesta alian\u00e7a \u00e9s clar:<\/p>\n<ul>\n<li>crear un perfil kurd compatible amb el govern de l&#8217;Organitzaci\u00f3 per a l&#8217;Alliberament del Llevant (HTC, abans Al-Qaeda) i altres grups islamistes a S\u00edria;<\/li>\n<li>connectar el P\u00c7DK del Kurdistan iraqui\u00e0 amb l&#8217;aparell de seguretat turc;<\/li>\n<\/ul>\n<p>i aix\u00ed legitimar les reivindicacions imperialistes de Turquia sobre ciutats com Mossul i Kirkuk. El poble kurd estaria retrocedint en el seu dret hist\u00f2ric a l&#8217;autodeterminaci\u00f3, alhora que es prepara el terreny per a l&#8217;expansionisme regional de l&#8217;estat capitalista turc.<\/p>\n<p>Amb l&#8217;acord Erdo\u011fan-Bah\u00e7eli-\u00d6calan, el poble kurd corre el risc de trobar-se sorm\u00e9s, en Turquia, S\u00edria i l&#8217;Iraq, a &#8220;una naci\u00f3, una bandera, una ummah&#8221; [ummah\u00a0: comunitat dels creients de l&#8217;Islam] . Aquesta \u00e9s la conseq\u00fc\u00e8ncia de la transformaci\u00f3 del PKK-PYD-P\u00c7DK-PJAK d&#8217;un moviment guerriller petitburg\u00e9s a un subcontractista burg\u00e9s d&#8217;un projecte contrarevolucionari. <\/p>\n<h3>La liquidaci\u00f3 del PKK: la culminaci\u00f3 d&#8217;una fallida pol\u00edtica<\/h3>\n<p>La decisi\u00f3 del PKK de &#8220;enterrar les armes&#8221; i el seu proc\u00e9s d\u2019autoliquidaci\u00f3, a m\u00e9s d\u2019una retirada militar, \u00e9s  l&#8217;oficialitzaci\u00f3 d&#8217;un col\u00b7lapse ideol\u00f2gic i pol\u00edtic.<\/p>\n<p>\u00c9s la culminaci\u00f3 d&#8217;un projecte nacionalista kurd interclassista nascut en 1973, que va implantar immediatament el culte infantilista, patriarcal i estalinista al l\u00edder (al mateix temps que destacava les dones en les seues fotos i comunicacions). El PKK-PYD es va comprometre a fons en 2012 en Rojava, S\u00edria, en col\u00b7laborar amb Assad i amb capitalistes \u00e0rabs o kurds (com Akram Kamal Hasu) o l\u00edders tribals, aix\u00ed com, a partir de 2014, amb la pot\u00e8ncia imperialista dominant, fins i tot implorant una &#8220;pau digna&#8221; a l&#8217;opressor Estat turc. Aix\u00f2 no va impedir que la majoria dels anarquistes i centristes elogiaren l&#8217;administraci\u00f3 de Rojava (la Uni\u00f3 de Comunitats del Kurdistan, KCK de S\u00edria). <\/p>\n<p>El XII Congr\u00e9s va formalitzar el rebuig al &#8220;marxisme-leninisme&#8221; i a l\u2019 &#8220;internacionalisme proletari&#8221;, condemnant el poble kurd i altres pobles a una esp\u00e8cie de &#8220;democr\u00e0cia local&#8221; dins de l&#8217;Estat burg\u00e9s. Aquesta decisi\u00f3 del PKK no busca orientar la lluita hist\u00f2rica del poble kurd, sin\u00f3 frenar-la, mantenint-la dins de l&#8217;ordre establert i canalitzant-la cap a una &#8220;soluci\u00f3&#8221; en el marc de les equacions imperialistes i colonialistes.<\/p>\n<p>Ara que la decisi\u00f3 de la direcci\u00f3 del PKK de desarmar-se comen\u00e7a a tindre efectes, obstinar-se en presentar el pla del govern turc com una vict\u00f2ria no \u00e9s m\u00e9s que un intent d&#8217;ocultar aquesta fallida ideol\u00f2gica. No hi ha una posici\u00f3 guanyadora. L&#8217;Estat burg\u00e9s turc no ha reconegut les reivindicacions fonamentals del poble kurd ni ha fet cap pas cap a una soluci\u00f3 pol\u00edtica. Per contra, el territori kurd segueix governat per administradors designats per a reempla\u00e7ar els alcaldes electes, els alcaldes kurds es troben baix cust\u00f2dia policial i la llengua i la identitat kurdes s\u00f3n sistem\u00e0ticament reprimides en l&#8217;esfera p\u00fablica. El pacifisme degenerat \u00e9s l&#8217;expressi\u00f3 de la submissi\u00f3 del PKK a les exig\u00e8ncies de la burgesia turca, la integraci\u00f3 en l&#8217;OTAN i la intenci\u00f3 de reduir la q\u00fcesti\u00f3 kurda a un sub-par\u00e0graf de l&#8217;expansi\u00f3 de la burgesia turca i de l&#8217;ordre imperialista en el Llevant.<\/p>\n<h3>Qu\u00e8 promet &#8220;enterrar les armes&#8221; i a qui?<\/h3>\n<p>El desarmament del PKK representa un canvi del moviment independentista de la petita burgesia kurda cap a l&#8217;autonomisme de la burgesia kurda. El seu objectiu \u00e9s subjugar el poble kurd a l&#8217;opressor Estat burg\u00e9s turc. &#8220;Enterrar les armes&#8221; no \u00e9s una declaraci\u00f3 de pau, sin\u00f3 la cerca de la burgesia kurda d&#8217;una conciliaci\u00f3 amb el sistema estatal capitalista nacional i regional (incl\u00f2s Israel). Aquesta cerim\u00f2nia no sols pret\u00e9n enterrar les armes, sin\u00f3 tamb\u00e9 les possibilitats de qualsevol trencament revolucion\u00e0ri que desafie els terratinents i capitalistes kurds, els seus amos a Ankara o a Washington.<\/p>\n<p>L&#8217;interlocutor d&#8217;aquesta orientaci\u00f3 no \u00e9s el poble kurd, sin\u00f3 directament els Estats de la regi\u00f3 i en especial l&#8217;Estat burg\u00e9s turc. El PKK ara ja no intenta posicionar-se com un aparell d&#8217;autodefensa del poble kurd, sin\u00f3 com un &#8220;soci per a l&#8217;estabilitat&#8221; dels r\u00e8gims de la regi\u00f3. El missatge als centres imperialistes i a les pot\u00e8ncies regionals no podria ser m\u00e9s clar: \u00ab<em>D&#8217;ara en avant, poden comptar amb nosaltres. Hem tancat el cap\u00edtol de la lluita armada<\/em>\u00bb. \u00c9s una carta de capitulaci\u00f3 presentada en la taula de negociacions per la pau capitalista i imperialista.<\/p>\n<p>El pla \u00ab<em>Turquia sense Terror<\/em>\u00bb \u00e9s l&#8217;\u00faltima pe\u00e7a afegida al proc\u00e9s de transformaci\u00f3 pol\u00edtica iniciat despr\u00e9s de la captura d\u2019\u00d6calan en 1999. Eixe dia va parlar d&#8217;una \u00ab<em>retirada estrat\u00e8gica<\/em>\u00bb; hui, la xarradissa sobre que \u00ab<em>el per\u00edode de lluita armada ha acabat<\/em>\u00bb camufla una liquidaci\u00f3 estrat\u00e8gica. El PKK aspira a una \u00ab<em>autonomia kurda<\/em>\u00bb a l&#8217;estil espanyol o iraqui\u00e0. Aquesta no \u00e9s una l\u00ednia revolucion\u00e0ria nacional, sin\u00f3 una submissi\u00f3 an\u00e0loga a les molt anteriors de les camarilles kurdes del KDP i l\u2019UKP a l&#8217;Iraq, i dels partits nacionalistes burgesos irlandesos, escocesos i catalans.<\/p>\n<p>No obstant aix\u00f2, la hist\u00f2ria ha demostrat repetidament que l&#8217;alliberament dels pobles oprimits no pot aconseguir-se mitjan\u00e7ant la pau capitalista ni dins dels estats burgesos. El cam\u00ed del PKK no busca l&#8217;emancipaci\u00f3 dels treballadors, els camperols kurds pobres i les dones treballadores, sin\u00f3 la reproducci\u00f3 del sistema capitalista a Turquia i \u00c0sia Occidental. Si b\u00e9 promet &#8220;pau&#8221; a les seues bases, la direcci\u00f3 del PKK sap perfectament que aix\u00f2 no portar\u00e0 igualtat ni en termes nacionals ni de classe. El capitalisme a Turquia imposa al poble kurd no la pau, sin\u00f3 la rendici\u00f3.<\/p>\n<h3>La construcci\u00f3 de la via independent de la classe obrera: l&#8217;alternativa comunista internacionalista<\/h3>\n<p>Si prenem en consideraci\u00f3 el replanteig d&#8217;Orient Mitj\u00e0 que busquen els Estats Units i Israel, la integraci\u00f3 d&#8217;aquest tipus de moviment nacional en l&#8217;ordre establit \u00e9s de vital import\u00e0ncia. Amb la seua &#8220;lluita democr\u00e0tica i legal&#8221;, el PKK s&#8217;ha comprom\u00e9s a romandre dins dels l\u00edmits del sistema capitalista. <\/p>\n<p>En aquest sentit, la tasca hist\u00f2rica \u00e9s construir una via obrera independent sobre les ru\u00efnes del moviment nacional petitburg\u00e9s i burg\u00e9s. La lluita del poble kurd per la llibertat nom\u00e9s podr\u00e0 aconseguir la vict\u00f2ria si, i nom\u00e9s si, s&#8217;uneix al moviment revolucionari internacional de la classe obrera que trenque amb el capitalisme, no sols dins de les fronteres de Turquia i Kurdistan, sin\u00f3 en tot Orient Mitj\u00e0 i en els centres imperialistes. La liquidaci\u00f3 del PKK per part d\u2019\u00d6calan representa no sols la fallida d&#8217;una organitzaci\u00f3, sin\u00f3 tamb\u00e9 la del reformisme, el nacionalisme, l&#8217;estalinisme i les pol\u00edtiques identit\u00e0ries. M\u00e9s que mai, els pobles i treballadors oprimits necessiten un nou programa internacional, una estrat\u00e8gia de revoluci\u00f3 socialista dirigida al poder obrer. Aix\u00f2 no ocorrer\u00e0 espont\u00e0niament; ha de ser organitzat per una avantguarda revolucion\u00e0ria. Per aquesta ra\u00f3, la nostra tasca \u00e9s clara:<\/p>\n<ul>\n<li>Reprendre la bandera de l&#8217;internacionalisme proletari, que aportar\u00e0 una soluci\u00f3 revolucion\u00e0ria a la q\u00fcesti\u00f3 nacional, i reconstruir una internacional comunista;<\/li>\n<li>Defensar la unitat de tots els pobles oprimits amb la classe obrera;<\/li>\n<li>Defensar la unitat revolucion\u00e0ria dels treballadors enfront de les guerres imperialistes, els conflictes \u00e8tnics i la diplom\u00e0cia burgesa; <\/li>\n<li>Desmantellar la policia i l&#8217;ex\u00e8rcit burgesos de Turquia i les bandes islamistes paraestatals a S\u00edria;<\/li>\n<li>Omplir el buit deixat pel PKK no amb un nou reformisme ni un nou nacionalisme petitburg\u00e9s, sin\u00f3 amb un partit obrer revolucionari, amb consells obrers revolucionaris, amb assemblees de barri i mil\u00edcies obreres, obrint la perspectiva del govern obrer,de la federaci\u00f3 socialista del Llevant.<\/li>\n<\/ul>\n<p>Actualment, la guerra, l&#8217;opressi\u00f3, l&#8217;explotaci\u00f3 i la mis\u00e8ria assolen Orient Mitj\u00e0, especialment Gaza. L&#8217;\u00fanica for\u00e7a que pot posar fi a aquest infern \u00e9s la classe obrera, que prendr\u00e0 les armes no al servei d&#8217;una facci\u00f3 nacional o pol\u00edtica de la burgesia, sin\u00f3 per a la seua pr\u00f2pia presa del poder. El seu partit, enfront dels partits que prometen pau, llibertat i igualtat als pobles, per\u00f2 que, en realitat, s&#8217;integren en l&#8217;ordre imperialista, ha de ser el partit obrer comunista internacionalista de tipus bolxevic.<\/p>\n<h3>O revoluci\u00f3 permanent o capitulaci\u00f3 permanent<\/h3>\n<p>El proc\u00e9s de l&#8217;anomenada &#8220;Turquia sense terror&#8221;, que va comen\u00e7ar amb la cerim\u00f2nia d&#8217;aband\u00f3 de les armes del PKK, significa la liquidaci\u00f3 de la lluita del poble kurd per la llibertat i la reorganitzaci\u00f3 dels interessos imperialistes a la regi\u00f3. \u00c9s tant una retirada militar com l&#8217;enterrament conscient de les perspectives revolucion\u00e0ries i les reivindicacions democr\u00e0tiques nacionals. La ret\u00f2rica d\u2019Erdo\u011fan sobre l'&#8221;alian\u00e7a entre turcs, kurds i \u00e0rabs&#8221; encarna els codis de la reacci\u00f3 regional i els anhels imperialistes de l&#8217;Estat capitalista turc a Orient Mitj\u00e0. La liquidaci\u00f3 del PKK, amb l&#8217;aprovaci\u00f3 t\u00e0cita dels Estats Units i Israel, forma part d&#8217;un elaborat pla per a a\u00efllar el poble kurd i la classe obrera de la regi\u00f3 i sufocar el potencial revolucionari.<\/p>\n<p>La lluita per la llibertat dels pobles oprimits nom\u00e9s pot triomfar amb la direcci\u00f3 revolucion\u00e0ria internacionalista de la classe obrera. A la tra\u00efci\u00f3 del PKK, oposem una lluita unida, organitzada i revolucion\u00e0ria. Aquesta lluita \u00e9s el cam\u00ed cap a l&#8217;alliberament no sols del poble kurd, sin\u00f3 de tots els treballadors de Turquia i Orient Mitj\u00e0.<\/p>\n<p>La llibertat i la igualtat no s&#8217;aconseguiran mitjan\u00e7ant acords i concessions al sistema capitalista nacional i a l&#8217;ordre imperialista mundial, sin\u00f3 amb les armes del poder revolucionari de la classe obrera i dels altres treballadors. La nostra responsabilitat hist\u00f2rica, com a comunistes internacionalistes, \u00e9s organitzar aquesta lluita revivint el programa de la Lliga dels Comunistes, del Consell General de l&#8217;Associaci\u00f3 Internacional de Treballadors i de la Internacional Comunista de l&#8217;\u00e8poca de Lenin i Trotsky.<\/p>\n<p><center>18 de juliol de 2025<\/center>\n<\/div>\n","protected":false},"excerpt":{"rendered":"<p>El que es crema no s\u00f3n les armes, sin\u00f3 l&#8217;esperan\u00e7a, la resist\u00e8ncia i l&#8217;alliberament dels kurds La burgesia de les nacions oprimides converteix constantment les consignes d&#8217;alliberament nacional en un&#8230; <a href=\"https:\/\/www.revolucionpermanente.com\/catala\/2025\/07\/18\/ladeu-a-les-armes-del-pkk\/\">M\u00e9s informaci\u00f3 &raquo;<\/a><\/p>\n","protected":false},"author":1,"featured_media":0,"comment_status":"closed","ping_status":"closed","sticky":false,"template":"","format":"standard","meta":{"footnotes":""},"categories":[1],"tags":[],"class_list":["post-374","post","type-post","status-publish","format-standard","hentry","category-non-classe"],"_links":{"self":[{"href":"https:\/\/www.revolucionpermanente.com\/catala\/wp-json\/wp\/v2\/posts\/374","targetHints":{"allow":["GET"]}}],"collection":[{"href":"https:\/\/www.revolucionpermanente.com\/catala\/wp-json\/wp\/v2\/posts"}],"about":[{"href":"https:\/\/www.revolucionpermanente.com\/catala\/wp-json\/wp\/v2\/types\/post"}],"author":[{"embeddable":true,"href":"https:\/\/www.revolucionpermanente.com\/catala\/wp-json\/wp\/v2\/users\/1"}],"replies":[{"embeddable":true,"href":"https:\/\/www.revolucionpermanente.com\/catala\/wp-json\/wp\/v2\/comments?post=374"}],"version-history":[{"count":1,"href":"https:\/\/www.revolucionpermanente.com\/catala\/wp-json\/wp\/v2\/posts\/374\/revisions"}],"predecessor-version":[{"id":375,"href":"https:\/\/www.revolucionpermanente.com\/catala\/wp-json\/wp\/v2\/posts\/374\/revisions\/375"}],"wp:attachment":[{"href":"https:\/\/www.revolucionpermanente.com\/catala\/wp-json\/wp\/v2\/media?parent=374"}],"wp:term":[{"taxonomy":"category","embeddable":true,"href":"https:\/\/www.revolucionpermanente.com\/catala\/wp-json\/wp\/v2\/categories?post=374"},{"taxonomy":"post_tag","embeddable":true,"href":"https:\/\/www.revolucionpermanente.com\/catala\/wp-json\/wp\/v2\/tags?post=374"}],"curies":[{"name":"wp","href":"https:\/\/api.w.org\/{rel}","templated":true}]}}