{"id":368,"date":"2025-07-11T12:00:18","date_gmt":"2025-07-11T10:00:18","guid":{"rendered":"https:\/\/www.revolucionpermanente.com\/catala\/?p=368"},"modified":"2025-07-28T17:49:22","modified_gmt":"2025-07-28T15:49:22","slug":"panama-a-baix-mulino-i-tota-la-seva-politica-antiobrera-i-vendepatries-per-un-govern-obrer-i-camperol","status":"publish","type":"post","link":"https:\/\/www.revolucionpermanente.com\/catala\/2025\/07\/11\/panama-a-baix-mulino-i-tota-la-seva-politica-antiobrera-i-vendepatries-per-un-govern-obrer-i-camperol\/","title":{"rendered":"Panam\u00e0:  a baix Mulino i tota la seva pol\u00edtica antiobrera i vendep\u00e0tries! Per un govern obrer i camperol"},"content":{"rendered":"<div id='corps_texte'>\n<h3>Dos mesos i mig de vagues indefinides a tot el pa\u00eds<\/h3>\n<p>Des del 23 d&#8217;abril de 2025, a Panam\u00e0 es desenvolupa una lluita de classes colossal. En el primer moment, els gremis magisterials (sindicats de docents) i, des d&#8217;uns dies despr\u00e9s, el gran sindicat de la construcci\u00f3 (SUNTRACS), el sindicat de treballadors i treballadores bananers SITRAIBANA, els treballadors de la salut, les comunitats ind\u00edgenes i els estudiants, mantenen m\u00e9s de dos mesos i mig una vaga indefinida i grans mobilitzacions en defensa de tres reivindicacions que els unifiquen en la lluita\u00a0contra les principals decisions del govern de l&#8217;actual president:<\/p>\n<ul>\n<li><b>Per la derogaci\u00f3 de la Llei 462, que reforma la Caixa de Segur Social (CSS)<\/b>, augmenta l&#8217;edat de jubilaci\u00f3, redueix les pensions futures i inicia el cam\u00ed a la privatitzaci\u00f3 de tot el sistema de pensions, en la l\u00ednia de les desastroses reformes executades a Xile, M\u00e8xic, El Salvador, Col\u00f2mbia, el Per\u00fa&#8230;<\/li>\n<li><b>Contra el memor\u00e0ndum d&#8217;entesa signat a l&#8217;abril pel govern de Mulino amb els EUA<\/b>, que dona pas prioritari i gratu\u00eft pel canal als vaixells de guerra dels EUA. A m\u00e9s, l&#8217;acord autoritza les tropes, el personal i els contractistes dels EUA a utilitzar les instal\u00b7lacions i \u00e0rees panamenyes \u00ab<em>per a impartir entrenament, dur a terme exercicis, visites, emmagatzemar o instal\u00b7lar propietat dels EUA i qualsevol activitat d&#8217;un altre tipus<\/em>\u00bb. En els fets, aquest memor\u00e0ndum reinstal\u00b7la tres bases nord-americanes al voltant del Canal (la Base Naval Rodman, la Base A\u00e8ria d&#8217;Howard i el Fort Sherman) i permet que tot el territori panameny quede a la disposici\u00f3 del Pent\u00e0gon i els seus contractistes. Tot aix\u00f2, sumant-se a les forces mar\u00edtimes, a\u00e8ries i terrestres que els EUA ja disposava al pa\u00eds i que, per si soles, permetien definir a la petita Panam\u00e0 (4,5 milions d&#8217;habitants) com un pa\u00eds ocupat militarment per l&#8217;imperialisme nord-americ\u00e0:\n<p><quote class=\"citations\">Hegseth va revelar que actualment hi ha dos creuers de guerra, dos vaixells de la Gu\u00e0rdia Costanera, avions ca\u00e7a F-18, una companyia de la infanteria de la marina estatunidenca i m\u00e9s de mil tropes realitzant operacions de suport a Panam\u00e0. (<a href=\"https:\/\/www.nodal.am\/2025\/04\/panama-el-gobierno-acepta-mayor-presencia-militar-de-eeuu-y-concede-paso-por-el-canal\/\">Nodal.am 10 d&#8217;abril de 2025.<\/a>)<\/quote><\/li>\n<li><b>Contra la reobertura de la contaminant mina de coure a cel obert, en Donoso<\/b>, explotada per capital canadenc i obligada a tancar a conseq\u00fc\u00e8ncia de l&#8217;al\u00e7ament popular en 2023; i <b>contra el mega-embasse de R\u00edo Indio<\/b>, projectat per a satisfer les creixents necessitats h\u00eddriques del Canal, que funciona per un sistema d&#8217;excloses alimentades d&#8217;aigua dol\u00e7a. Aigua cada vegada m\u00e9s escassa, a causa de la sequera sense precedents que assota el pa\u00eds des de 2023. Aquest embassament, ja en construcci\u00f3, destruir\u00e0 nombroses comunitats camperoles i ind\u00edgenes i ser\u00e0 aix\u00ed mateix una cat\u00e0strofe ecol\u00f2gica:<\/li>\n<\/ul>\n<p>El riu Indio forma part del Corredor Biol\u00f2gic Mesoameric\u00e0, un ecosistema clau que connecta diverses \u00e0rees d&#8217;Am\u00e8rica Central, Panam\u00e0 i el sud de M\u00e8xic, sent un refugi per a esp\u00e8cies com a micos, cocodrils i diverses plantes end\u00e8miques. Aquest corredor ecol\u00f2gic es veuria severament fragmentat amb la construcci\u00f3 de l&#8217;embassament. (<a href=\"https:\/\/ipsnoticias.net\/2025\/03\/no-nos-iremos-comunidades-se-oponen-a-nueva-represa-en-el-canal-de-panama\/\">IPS nocicias, 20 de mar\u00e7 de 2025.<\/a>)<\/p>\n<p>Jos\u00e9 Ra\u00fal Mulino, un experimentat pol\u00edtic burg\u00e9s, nom\u00e9s porta un any en el c\u00e0rrec de president totpoder\u00f3s d&#8217;una rep\u00fablica presidencialista, despr\u00e9s de ser triat amb nom\u00e9s el 34,2% dels vots. Va ser ministre d&#8217;Interior durant 15 anys i responsable directe d&#8217;una massacre de manifestants treballadors i ind\u00edgenes en Bocas del Toro, entre el 8 i l&#8217;11 de juliol de 2010. Ha arribat a la presid\u00e8ncia com a dof\u00ed pol\u00edtic de l&#8217;expresident Ricardo Martinelli, magnat multimilionari que viu fugit a Col\u00f2mbia, despr\u00e9s de ser condemnat a 10 anys de pres\u00f3 per corrupci\u00f3. Les relacions de submissi\u00f3 de Mulino respecte als EUA van quedar exposades per a coneixement general des del principi. El mateix dia de la presa de possessi\u00f3 del seu nou Govern, Panam\u00e0 va signar un Memor\u00e0ndum d&#8217;Entesa (MoU) en mat\u00e8ria migrat\u00f2ria amb l&#8217;administraci\u00f3 de Biden. En aplicaci\u00f3 d&#8217;aquest Memor\u00e0ndum, a canvi d&#8217;una propina de 6 milions de d\u00f2lars, Mulino va iniciar la col\u00b7laboraci\u00f3 amb els vols de deportaci\u00f3 nord-americans i va tancar militarment els passos de migrants per la selva de Dari\u00e9n, des de la frontera amb Col\u00f2mbia. Durant l&#8217;any anterior, el 2023, es calcula que havien passat per Dari\u00e9n m\u00e9s de mig mili\u00f3 de persones, en un viatge desesperat cap als EUA. D&#8217;eixa manera, la crisi humanit\u00e0ria resultant de l&#8217;acumulaci\u00f3 de desenes de milers de migrants encallats en la selva va quedar traslladada \u2013 ara sense compensaci\u00f3 econ\u00f2mica &#8211; a les extremadament pobres poblacions frontereres del pa\u00eds ve\u00ed.<\/p>\n<p>El desenvolupament de les vagues i la resposta brutal del govern a les mobilitzacions ja els analitz\u00e0vem en la nostra declaraci\u00f3 de 24 de maig de 2025. En data d\u2019avui, despr\u00e9s de dos mesos i mig de fero\u00e7 repressi\u00f3, el moviment no s&#8217;ha esgotat, per\u00f2 tampoc ha aconseguit cap conquesta, malgrat la duresa i la potent organitzaci\u00f3 d&#8217;una lluita que reuneix una important fracci\u00f3 del proletariat agr\u00edcola i industrial i a altres assalariats, al costat de la pagesia pobra i la joventut escolaritzada:<\/p>\n<p><quote class=\"citations\">\u201cS\u00f3n les protestes m\u00e9s grans en 30 anys\u201d, diu a DW l&#8217;analista pol\u00edtic Jos\u00e9 Eugenio Stoute. &#8220;El govern ha perdut el control de dues prov\u00edncies, Bocas del Toro, controlada pels vaguistes, i el Dari\u00e9n, controlat pels ind\u00edgenes. I en la capital hi ha marxes cada 24 hores\u201d. (<a href=\"https:\/\/www.dw.com\/es\/panam%C3%A1-la-societat-es-rebel\u00b7la-contra-un-model-de-*pa%C3%*ADs-fracassat\/a-72789359\">Deutsche Welle, 4 de juny de 2025.<\/a>)<\/quote><\/p>\n<p>Centenars de detencions, dos morts i centenars de ferits. Desaparicions d&#8217;activistes (ja hi ha deu perfectament documentades) i signes clars de tortura en els detinguts alliberats. Acomiadament, aplaudit per Mulino, de 6.500 treballadors bananers de la multinacional nord-americana Chiquita, en Bocas del Toro, amb tancament patronal complet a partir del 9 de juny. La repressi\u00f3 m\u00e9s fero\u00e7 est\u00e0 caient sobre les masses, per\u00f2 tamb\u00e9 espec\u00edficament sobre les seues organitzacions.<\/p>\n<p>El 13 de febrer, despr\u00e9s d&#8217;un dur\u00edssim enfrontament, el dia anterior, entre treballadors de la construcci\u00f3 afiliats a SUNTRACS i membres de la Policia Nacional, Mulino va qualificar el sindicat com una &#8220;<em>m\u00e0fia<\/em>&#8221; responsable d&#8217;un intent de &#8220;<em>assassinat indiscriminat<\/em>&#8221; contra els policies, i li va declarar la guerra total:<\/p>\n<p><quote class=\"citations\">Aquests senyors entendran el pes del que significa la llei, i un govern disposat a no tolerar l&#8217;anarquia pseudosindicalista en aquest pa\u00eds; que ho tinga ben clar Sa\u00fal M\u00e9ndez. (<a href=\"https:\/\/www.tvn-2.com\/nacionales\/suntracs-no-es-sindicato-mafia-presidente-jose-raul-mulino-conferencia-de-prensa-noticias-hoy-panama_1_2177141.html\">TVN, 13 de febrer de 2025.<\/a>)<\/quote><\/p>\n<p>Aix\u00ed, a partir del 12 de maig, despr\u00e9s de les dues primeres setmanes de vaga indefinida, el mandatari ordena la detenci\u00f3 de tota la c\u00fapula de SUNTRACS, viola sense ordre judicial les seus sindicals, bloqueja tots els comptes bancaris (tamb\u00e9 les personals dels dirigents) i tanca la gran cooperativa del sindicat. El seu secretari general Sa\u00fal M\u00e9ndez es troba refugiat en l&#8217;ambaixada de Bol\u00edvia des del 21 de maig. Altres dos dirigents, Genaro L\u00f3pez i Jaime Caballero, continuen presos. I Erasmo Cerrud ha sol\u00b7licitat asil a l&#8217;ambaixada de Nicaragua. Tot \u201c<em>el pes de la llei<\/em>\u201d i tot tipus de descarades falsificacions i muntatges policials estan caient sobre SUNCTRACS.<\/p>\n<h3>La direcci\u00f3 de SITRAIBANA traeix la vaga<\/h3>\n<p>Tamb\u00e9 el president i el secretari d&#8217;organitzaci\u00f3 del sindicat de treballadors bananers, SITRAIBANA, han provat els efectes de la repressi\u00f3 antisindical. Malgrat qu\u00e8 el 12 de juny van trair la unitat i els objectius de la vaga, signant un acord unilateral amb l&#8217;Assemblea (el parlament) pel qual ordenaven acabar la vaga i els bloquejos en Bocas del Toro, a canvi de \u201cun r\u00e8gim especial per als treballadors bananers d<b>ins del context de la Llei 462<\/b>\u201d i que l&#8217;Assemblea mediara davant \u201cl&#8217;empresa Chiquita Brands per a con\u00e9ixer la seua situaci\u00f3 actual i les possibilitats de reactivar les seues operacions en la zona\u201d.<\/p>\n<p>Acabar la vaga en el context de tancament patronal de Chuiquita significava la rendici\u00f3 gratu\u00efta, just en el moment en qu\u00e8 \u2013 per a cobrir les necessitats aliment\u00e0ries dels vaguistes &#8211; el natural hagu\u00e9s sigut haver exigit l&#8217;expropiaci\u00f3 i socialitzaci\u00f3 de les instal\u00b7lacions abandonades per la multinacional, i la seua posada en funcionament sota control dels treballadors. Per\u00f2 despr\u00e9s de l&#8217;acord tra\u00efdor, les mobilitzacions i bloquejos no es van acabar, i nou dies despr\u00e9s Mulino decretava el segon \u201cestat d&#8217;urg\u00e8ncia\u201d en el termini d&#8217;un mes i militaritzava la prov\u00edncia.<\/p>\n<p>Tres dies despr\u00e9s de la signatura de l&#8217;acord, el 15 de juny, Francisco Smith, president de SITRAIBANA,<\/p>\n<p><quote class=\"citations\">\u201cva ser convidat formalment a sostindre un di\u00e0leg en la seu legislativa, per\u00f2 en finalitzar la reuni\u00f3 va ser capturat per les autoritats. (COLSIBA.  )<\/quote><\/p>\n<p>El 17 de juny, tamb\u00e9 era detingut Gilberto Guerra, secretari d&#8217;organitzaci\u00f3 de SITRAIBANA, que havia assumit la direcci\u00f3 del sindicat despr\u00e9s de la detenci\u00f3 del president. Probablement, tots dos s\u00f3n ostatges del govern, que voldria assegurar-se del compliment dels acords recentment signats, separant els dirigents de la pressi\u00f3 de les masses de treballadors, que en aquell moment controlaven la prov\u00edncia.<\/p>\n<p>El 20 de juny, la Junta Directiva de SITRAIBANA <a href=\"https:\/\/www.instagram.com\/p\/dlioxd6rrbp\/\">publica en les xarxes un \u201cComunicat a la naci\u00f3\u201d<\/a> en el qual es desent\u00e9n per complet de les mobilitzacions i bloquejos \u201c<em>conforme als compromisos acordats amb entitats estatals, hem complit amb la nostra part a fi que regne la pau en les nostres comunitats<\/em>\u201d. Abandonant les bases a la seua sort, la direcci\u00f3 de SITRAIBANA va deixar lliures les mans al govern perqu\u00e8 decretara l&#8217;endem\u00e0 el \u201cestat d&#8217;urg\u00e8ncia\u201d a la prov\u00edncia de Bocas del Toro. I aix\u00ed, entre el 21 i el 30 de juny, la prov\u00edncia va con\u00e9ixer una vegada m\u00e9s la militaritzaci\u00f3, la suspensi\u00f3 de les garanties constitucionals, el bloqueig de l&#8217;entrada de subministraments d&#8217;aliments i medicaments, les bombes lacrim\u00f2genes llan\u00e7ades des d&#8217;helic\u00f2pters, el bloqueig de la telefonia i internet&#8230; i la total foscor i impunitat en l&#8217;actuaci\u00f3 de les forces repressives contra els vaguistes.<\/p>\n<h3>La direcci\u00f3 de SUNTRACS enfoca l&#8217;esperan\u00e7a de les masses en el Parlament<\/h3>\n<p>Aquests fets han establert un punt d&#8217;inflexi\u00f3 del moviment. Pel costat de les masses obreres i camperoles, pesa la repressi\u00f3 i la fractura provocada pels dirigents bananers, que ha servit d&#8217;excusa als dirigents dels gremis docents per a iniciar al seu torn negociacions unilaterals amb el govern, amb l&#8217;objectiu de desconvocar el seu sector. Si continua aix\u00ed el proc\u00e9s, \u00e9s el cam\u00ed de la derrota assegurada.<\/p>\n<p>Per\u00f2 pel costat de la classe capitalista i el seu govern, la fatiga \u00e9s enorme. Un al\u00e7ament vagu\u00edstic i popular d&#8217;aquestes caracter\u00edstiques posa a l&#8217;ordre del dia, objectivament, no sols la q\u00fcesti\u00f3 del govern, sin\u00f3 tamb\u00e9 la q\u00fcesti\u00f3 del poder. Posa en q\u00fcesti\u00f3 qui mana i qui obeeix&#8230; o no. Qui controla les ciutats, els pobles, les carreteres. Qui necessita la producci\u00f3 per a obtindre plusv\u00e0lua i qui paralitza l&#8217;economia. El temps passa i la burgesia necessita acabar r\u00e0pidament amb una situaci\u00f3 insostenible.<\/p>\n<p>Despr\u00e9s de dos mesos i mig, de tota la repressi\u00f3 i de la desactivaci\u00f3 de SITRAIBANA, Mulino no han pogut doblegar al nucli central del proletariat organitzat, representat per SUNTRACS, ni a la majoria de les organitzacions camperoles i ind\u00edgenes. Les p\u00e8rdues econ\u00f2miques en tot el pa\u00eds s\u00f3n formidables. En el parlament ja comen\u00e7a a desenvolupar-se una gran pressi\u00f3 perqu\u00e8 el president retire parcialment la Llei 462 de reforma de la Seguretat Social, i d&#8217;eixa manera acontentar en alguna cosa al moviment i facilitar a les direccions la desconvocat\u00f2ria de les vagues. Aix\u00f2 ha perm\u00e9s els dirigents de SUNTRACS comen\u00e7ar a desviar l&#8217;atenci\u00f3 de les masses cap a l&#8217;Assemblea Nacional, davant de la qual ha convocat manifestacions el 4 i 7 de juliol, amb aflu\u00e8ncia cada vegada m\u00e9s escassa (segons s&#8217;observa en els seus propis v\u00eddeos en Istagram). Una falsa expectativa en un \u00f2rgan sense poder enfront del president. Un malabarisme il\u00b7l\u00fas defensat pels mateixos que mai han plantejat la perspectiva d&#8217;enderrocar Mulino i al seu govern, amb tota la seua pol\u00edtica antiobrera i titella de l&#8217;imperialisme nord-americ\u00e0:<\/p>\n<p>Mulino va deixar clar que si s&#8217;aprova una nova llei de modificacions o una llei de derogaci\u00f3 [de la Llei 462] com la que proposar\u00e0 el diputat Jairo Salazar, no la sancionaria, perqu\u00e8 per a ell, eixe tema est\u00e0 superat. (<a href=\"https:\/\/www.tvn-2.com\/nacionales\/jorge-herrera-agenda-junta-directiva-asamblea-nacional_1_2196347.html\">TVN, 2 de juliol de 2025.<\/a>)<\/p>\n<h3>A baix Mulino! Per un govern obrer i camperol!<\/h3>\n<p>En aquesta potent\u00edssima lluita de classes, el final de la qual encara no est\u00e0 escrit, el proletariat i els treballadors pobres de la ciutat i del camp han disposat de poderoses organitzacions sindicals i camperoles altament combatives. Per\u00f2 mancades d&#8217;una direcci\u00f3 pol\u00edtica revolucion\u00e0ria, les direccions d&#8217;eixes organitzacions no han estat conseq\u00fcents amb les necessitats del moviment i, per contra, han evitat centralitzar-lo pol\u00edticament en la consigna d&#8217;<em>A baix Mulino i el seu govern pro-imperialista! Govern obrer i camperol!<\/em> De la mateixa manera que han evitat estructurar les vagues indefinides i les mobilitzacions geogr\u00e0fiques en una \u00fanica Vaga General, lluitant tots a l&#8217;una i tots per tots. El resultat ha sigut la dispersi\u00f3 de forces i la fragmentaci\u00f3 sectorial o geogr\u00e0fica davant la pressi\u00f3 patronal i la repressi\u00f3.<\/p>\n<h3>Per la creaci\u00f3 de comit\u00e9s de vaga i organismes d&#8217;autoorganitzaci\u00f3 de les masses<\/h3>\n<p>Una part molt important de les masses en lluita no est\u00e0 organitzada en els sindicats o en altres organitzacions obreres, camperoles o ind\u00edgenes. Per aix\u00f2 \u00e9s necessari crear comit\u00e9s triats democr\u00e0ticament en les empreses, barris, escoles, pobles i comunitats. Aquests comit\u00e9s o consells, compostos per delegats revocables en qualsevol moment, s\u00f3n l&#8217;eina necess\u00e0ria per a assegurar el control popular del moviment, impedir les tra\u00efcions de les burocr\u00e0cies, enfortir la unitat i aplanar el cam\u00ed perqu\u00e8 la classe treballadora es prepare com a classe dominant alternativa i prenga el poder.<\/p>\n<p>Sense aquestes estructures, la lluita acaba afeblida per la repressi\u00f3, les negociacions secretes de bur\u00f2crates o les concessions selectives. Nom\u00e9s una vaga general controlada per la base, organitzant la seua pr\u00f2pia autodefensa contra les forces p\u00fabliques militaritzades, pot generar l&#8217;energia social suficient per a enderrocar el r\u00e8gim i aplanar el cam\u00ed per a un govern obrer i camperol basat en els consells.<\/p>\n<ul>\n<li>A baix Mulino i el seu govern!<\/li>\n<li>Derogaci\u00f3 de la Llei 462! no a la privatitzaci\u00f3 de la seguretat social!<\/li>\n<li>Anul\u00b7laci\u00f3 dels dos memor\u00e0ndums d&#8217;entesa amb els EUA signats per Mulino: sobre migraci\u00f3 i sobre acc\u00e9s militar al territori de Panam\u00e0! Fora totes les forces militars nord-americanes a Panam\u00e0!<\/li>\n<li>Contra la reobertura de la mina de coure en Donoso i contra el mega-embasse de Rio Indio. Control de les organitzacions obreres i camperoles sobre tots els projectes que afecten el medi ambient i els sistemes ecol\u00f2gics del pa\u00eds.<\/li>\n<li>Anul\u00b7laci\u00f3 de totes les mesures repressives contra SUNTRACS.  Llibertat immediata sense c\u00e0rrecs per a totes i tots els sindicalistes, vaguistes, manifestants..! Llibertat per a tots els lluitadors obrers i camperols presos!<\/li>\n<li>Expropiaci\u00f3 sense indemnitzaci\u00f3 i socialitzaci\u00f3 de les terres i instal\u00b7lacions abandonades per Chiquita, sota control dels seus treballadors!<\/li>\n<li>Dissoluci\u00f3 i desarmament de les \u201c<em>Forces P\u00fabliques de Panam\u00e0<\/em>\u201d [aparell militaritzat amb funcions simult\u00e0nies d&#8217;ex\u00e8rcit i policia]. Substituci\u00f3 per una mil\u00edcia indissolublement lligada als llocs de treball, als barris obrers, als pobles, a les comunitats ind\u00edgenes, a les universitats!<\/li>\n<li>Solidaritat de tots els moviments obrers del m\u00f3n amb la lluita obrera, camperola i antiimperialista a Panam\u00e0!<\/li>\n<li>Per la unitat de les lluites a Am\u00e8rica Llatina contra les amenaces i inger\u00e8ncies imperialistes!<\/li>\n<li>Govern obrer i camperol basat sobre els comit\u00e9s i la mil\u00edcia! Per la Federaci\u00f3 d&#8217;Estats Socialistes d&#8217;Am\u00e8rica Llatina i el Carib!<\/li>\n<\/ul>\n<p>Per la construcci\u00f3 d&#8217;un partit revolucionari que, formant part d&#8217;una internacional obrera revolucion\u00e0ria, lluite per aquest programa!<\/p>\n<p>COREP<\/p>\n<p>11-07-2025\n<\/p><\/div>\n","protected":false},"excerpt":{"rendered":"<p>Dos mesos i mig de vagues indefinides a tot el pa\u00eds Des del 23 d&#8217;abril de 2025, a Panam\u00e0 es desenvolupa una lluita de classes colossal. En el primer moment,&#8230; <a href=\"https:\/\/www.revolucionpermanente.com\/catala\/2025\/07\/11\/panama-a-baix-mulino-i-tota-la-seva-politica-antiobrera-i-vendepatries-per-un-govern-obrer-i-camperol\/\">M\u00e9s informaci\u00f3 &raquo;<\/a><\/p>\n","protected":false},"author":1,"featured_media":0,"comment_status":"closed","ping_status":"closed","sticky":false,"template":"","format":"standard","meta":{"footnotes":""},"categories":[1],"tags":[],"class_list":["post-368","post","type-post","status-publish","format-standard","hentry","category-non-classe"],"_links":{"self":[{"href":"https:\/\/www.revolucionpermanente.com\/catala\/wp-json\/wp\/v2\/posts\/368","targetHints":{"allow":["GET"]}}],"collection":[{"href":"https:\/\/www.revolucionpermanente.com\/catala\/wp-json\/wp\/v2\/posts"}],"about":[{"href":"https:\/\/www.revolucionpermanente.com\/catala\/wp-json\/wp\/v2\/types\/post"}],"author":[{"embeddable":true,"href":"https:\/\/www.revolucionpermanente.com\/catala\/wp-json\/wp\/v2\/users\/1"}],"replies":[{"embeddable":true,"href":"https:\/\/www.revolucionpermanente.com\/catala\/wp-json\/wp\/v2\/comments?post=368"}],"version-history":[{"count":4,"href":"https:\/\/www.revolucionpermanente.com\/catala\/wp-json\/wp\/v2\/posts\/368\/revisions"}],"predecessor-version":[{"id":372,"href":"https:\/\/www.revolucionpermanente.com\/catala\/wp-json\/wp\/v2\/posts\/368\/revisions\/372"}],"wp:attachment":[{"href":"https:\/\/www.revolucionpermanente.com\/catala\/wp-json\/wp\/v2\/media?parent=368"}],"wp:term":[{"taxonomy":"category","embeddable":true,"href":"https:\/\/www.revolucionpermanente.com\/catala\/wp-json\/wp\/v2\/categories?post=368"},{"taxonomy":"post_tag","embeddable":true,"href":"https:\/\/www.revolucionpermanente.com\/catala\/wp-json\/wp\/v2\/tags?post=368"}],"curies":[{"name":"wp","href":"https:\/\/api.w.org\/{rel}","templated":true}]}}