{"id":311,"date":"2024-10-19T12:00:56","date_gmt":"2024-10-19T10:00:56","guid":{"rendered":"https:\/\/www.revolucionpermanente.com\/catala\/?p=311"},"modified":"2024-11-04T14:17:10","modified_gmt":"2024-11-04T13:17:10","slug":"estatuts-aprovats-en-la-conferencia-del-col%c2%b7lectiu-revolucio-permanent-corep","status":"publish","type":"post","link":"https:\/\/www.revolucionpermanente.com\/catala\/2024\/10\/19\/estatuts-aprovats-en-la-conferencia-del-col%c2%b7lectiu-revolucio-permanent-corep\/","title":{"rendered":"ESTATUTS  APROVATS EN LA CONFER\u00c8NCIA  DEL COL\u00b7LECTIU REVOLUCI\u00d3 PERMANENT (CoReP)"},"content":{"rendered":"<div id='corps_texte'>\nDEFINICI\u00d3 I OBJECTIUS<\/p>\n<ol>\n<li>El Col\u00b7lectiu Revoluci\u00f3 Permanent (CoReP) \u00e9s un agrupament internacional de comunistes internacionalistes, basat en una plataforma que intenta concentrar l\u2019experi\u00e8ncia del moviment obrer mundial des dels seus inicis fins als nostres dies.<\/li>\n<li>El seu objectiu immediat \u00e9s la construcci\u00f3 d\u2019una nova internacional obrera revolucion\u00e0ria, instrument imprescindible per a la constituci\u00f3 del proletariat mundial en classe dominant i per a la destrucci\u00f3 de l\u2019explotaci\u00f3 capitalista, amb tot el seu m\u00f3n de barb\u00e0rie.<\/li>\n<li>L\u2019objectiu final que persegueix CoReP \u00e9s la instauraci\u00f3 de la societat socialista-comunista en tot el planeta, organitzada sobre la base de la democr\u00e0cia dels treballadors, on l\u2019estat opressor s\u2019extingir\u00e0 deixant lloc a l\u2019administraci\u00f3 col\u00b7lectiva dels afers socials i el desenvolupament personal de tothom.<\/li>\n<\/ol>\n<p>COMPONENTS I  R\u00c8GIM INTERN<\/p>\n<ol start=\"4\">\n<li>El CoReP est\u00e0 format per les organitzacions que es defineixen com a les seues seccions. En el seu futur desenvolupament, els militants i grups que assumesquen el programa i els principis organitzatius del CoReP constitu\u00efran una organitzaci\u00f3-secci\u00f3 en l\u2019estat on residesquen i treballen. L\u2019esmentada secci\u00f3 tindr\u00e0 com a objetiu la construcci\u00f3 del partit revolucionari en el seu territori, parte integrant de la futura internacional.<\/li>\n<li>El r\u00e8gim intern del CoReP, a escala local, nacional i mundial, ve determinat pels principis i la pr\u00e0ctica del centralisme democr\u00e0tic. Llibertat total a la discussi\u00f3, unitat total a l&#8217;acci\u00f3.\n<p>\u00c9s irrenunciable el respecte a la llibertat d&#8217;expressi\u00f3 i d&#8217;organitzaci\u00f3 de les minories (en tend\u00e8ncies o fraccions, si aix\u00ed ho decideixen), aix\u00ed com a la seua representaci\u00f3 proporcional almenys a les confer\u00e8ncies nacionals i internacionals.<\/li>\n<\/ol>\n<p>DE LA CONFER\u00c8NCIA INTERNACIONAL <\/p>\n<ol start=\"6\">\n<li>La inst\u00e0ncia suprema del CoReP a escala mundial \u00e9s la Confer\u00e8ncia Internacional, que fixa la pol\u00edtica de l&#8217;organitzaci\u00f3 internacional i de les seccions en totes les q\u00fcestions pol\u00edtiques importants, adopta les resolucions i clou en \u00faltima inst\u00e0ncia les q\u00fcestions d&#8217;organitzaci\u00f3 i els conflictes interns.\n<p>La Confer\u00e8ncia Internacional estar\u00e0 composta per delegats, o pels seus representants mandatats, de totes les seccions i s&#8217;haur\u00e0 de triar i reunir almenys cada dos anys. D&#8217;ordinari ser\u00e0 convocada pel CEI (Comit\u00e8 Executiu Internacional, veure m\u00e9s endavant) i podr\u00e0 ser convocada extraordin\u00e0riament a petici\u00f3 de m\u00e9s d&#8217;un ter\u00e7 de les seccions nacionals.<\/li>\n<li>Cada Confer\u00e8ncia Internacional triar\u00e0 l&#8217;\u00f2rgan de direcci\u00f3 anomenat Comit\u00e8 Executiu Internacional (CEI) i dues comissions independents per al control dels comptes econ\u00f2mics i la resoluci\u00f3 de conflictes.<\/li>\n<\/ol>\n<p>DEL COMIT\u00c9 EXECUTIU INTERNACIONAL<\/p>\n<ol start=\"8\">\n<li>En l&#8217;interval entre les confer\u00e8ncies internacionals, la direcci\u00f3 internacional queda confiada al Comit\u00e8 Executiu Internacional (CEI), compost per un nombre imparell de membres pertanyents a les seccions nacionals i elegits per la Confer\u00e8ncia Internacional.\n<ul>\n<li>El CEI es reuneix almenys una vegada cada dos mesos. El CEI es pot convocar extraordin\u00e0riament per decisi\u00f3 majorit\u00e0ria dels seus membres o a petici\u00f3 d&#8217;almenys tres direccions nacionals.<\/li>\n<li>El CEI \u00e9s responsable davant de tota l&#8217;organitzaci\u00f3 internacional de l&#8217;execuci\u00f3 de les decisions i l&#8217;aplicaci\u00f3 de la l\u00ednia pol\u00edtica adoptades per la Confer\u00e8ncia Internacional.<\/li>\n<\/ul>\n<\/li>\n<\/ol>\n<p>DE LES SECCIONS<\/p>\n<ol start=\"9\">\n<li>En cada  estat nom\u00e9s pot existir una secci\u00f3 del CoReP, \u00e9s a dir que nom\u00e9s pot estar regularment afiliada una \u00fanica organitzaci\u00f3 per estat, excepte als estats plurinacionals, en qu\u00e8 es podr\u00e0 admetre una secci\u00f3 per naci\u00f3 oprimida, si aix\u00ed ho aprova una majoria simple de la Confer\u00e8ncia Internacional.<br \/>\nEl procediment i les mesures pr\u00e0ctiques per a la formaci\u00f3 o el reconeixement de noves seccions nacionals als pa\u00efsos on no existeixen, els establir\u00e0 el CEI en cada cas particular i seran sotmesos a la ratificaci\u00f3 de la Confer\u00e8ncia Internacional.<\/li>\n<li>Les seccions estan obligades a publicar les resolucions del CoReP al seu estat i complir les decisions i resolucions de la Confer\u00e8ncia Internacional i, en els intervals entre confer\u00e8ncies, del CEI, conservant el dret d&#8217;apel\u00b7laci\u00f3 davant la seg\u00fcent Confer\u00e8ncia Internacional.<\/li>\n<li>Les seccions nacionals han de lliurar a la tresoreria del CoReP una cotitzaci\u00f3 regular (semestral o anual) destinada a les necessitats internacionals. Aquesta cotitzaci\u00f3 ser\u00e0 proporcional al nivell dels recursos (cotitzacions locals).<\/li>\n<li>Una secci\u00f3 nacional pot proposar en qualsevol moment la revocaci\u00f3 o la substituci\u00f3 d&#8217;un dels seus membres pertanyent al CEI. Aquesta mesura ha de ser aprovada per un vot majoritari simple dels membres del CEI.<\/li>\n<li>El CEI t\u00e9 dret a la suspensi\u00f3 de seccions o de membres individuals del CoReP i a  proposar l\u2019exclusi\u00f3 de seccions o de membres individuals del CoReP, despr\u00e9s d\u2019examen i consulta als afectats. Les decisions de suspensi\u00f3 i exclusi\u00f3 s\u00f3n executables sota aquestes condicions:\n<ul>\n<li>Si es tracta de militants individuals: quan s\u00f3n ratificades per la direcci\u00f3 de la secci\u00f3 a qu\u00e8 pertanyen.<\/li>\n<li>Si es tracta de seccions nacionals: quan s\u00f3n ratificades per la majoria de seccions.<\/li>\n<\/ul>\n<p>Una secci\u00f3 suspesa o exclosa pot rec\u00f3rrer davant de la Confer\u00e8ncia Internacional.<\/li>\n<\/ol>\n<p>DELS \u00d2RGANS DE CONTROL<\/p>\n<ol start=\"14\">\n<li>Cada Confer\u00e8ncia Internacional triar\u00e0 dues comissions independents del CEI, el mandat de les quals s&#8217;extingir\u00e0 nom\u00e9s quan informin de la seva gesti\u00f3 a la seg\u00fcent confer\u00e8ncia.\n<p>En cas que hi hagi minories pol\u00edtiques expressades a la Confer\u00e8ncia Internacional, aquestes hauran d&#8217;estar representades proporcionalment en les dues comissions. <\/p>\n<ol type=\"a\" style=\"list-style-type:lower-latin;\">\n<li>Comissi\u00f3 de control de comptes econ\u00f2mics. Encarregada de l&#8217;auditoria dels ingressos i les despeses del CoReP.<\/li>\n<li>Comissi\u00f3 de conflictes. Encarregada de:\n<ul>\n<li>Decidir, en primera inst\u00e0ncia, sobre els possibles conflictes entre seccions. Les seues resolucions, en aquest cas, podran ser recorregudes davant del CEI i la Confer\u00e8ncia Internacional.<\/li>\n<li>Decidir, en \u00faltima inst\u00e0ncia, sobre els possibles conflictes de militants amb les pr\u00f2pies seccions, quan no hagin estat resolts satisfact\u00f2riament en els organismes estatutaris de la seua organitzaci\u00f3. En aquest cas, les resolucions de la comissi\u00f3 de conflictes internacionals no podran ser recorregudes.<\/li>\n<\/ul>\n<\/li>\n<\/ol>\n<\/li>\n<\/ol>\n<p>MODIFICACI\u00d3 DELS ESTATUTS<\/p>\n<ol start=\"15\">\n<li>Aquests estatuts nom\u00e9s podran ser modificats per majoria de dos ter\u00e7os dels vots en una Confer\u00e8ncia Internacional.<\/li>\n<\/ol>\n<\/div>\n","protected":false},"excerpt":{"rendered":"<p>DEFINICI\u00d3 I OBJECTIUS El Col\u00b7lectiu Revoluci\u00f3 Permanent (CoReP) \u00e9s un agrupament internacional de comunistes internacionalistes, basat en una plataforma que intenta concentrar l\u2019experi\u00e8ncia del moviment obrer mundial des dels seus&#8230; <a href=\"https:\/\/www.revolucionpermanente.com\/catala\/2024\/10\/19\/estatuts-aprovats-en-la-conferencia-del-col%c2%b7lectiu-revolucio-permanent-corep\/\">M\u00e9s informaci\u00f3 &raquo;<\/a><\/p>\n","protected":false},"author":1,"featured_media":0,"comment_status":"closed","ping_status":"closed","sticky":false,"template":"","format":"standard","meta":{"footnotes":""},"categories":[1],"tags":[],"class_list":["post-311","post","type-post","status-publish","format-standard","hentry","category-non-classe"],"_links":{"self":[{"href":"https:\/\/www.revolucionpermanente.com\/catala\/wp-json\/wp\/v2\/posts\/311","targetHints":{"allow":["GET"]}}],"collection":[{"href":"https:\/\/www.revolucionpermanente.com\/catala\/wp-json\/wp\/v2\/posts"}],"about":[{"href":"https:\/\/www.revolucionpermanente.com\/catala\/wp-json\/wp\/v2\/types\/post"}],"author":[{"embeddable":true,"href":"https:\/\/www.revolucionpermanente.com\/catala\/wp-json\/wp\/v2\/users\/1"}],"replies":[{"embeddable":true,"href":"https:\/\/www.revolucionpermanente.com\/catala\/wp-json\/wp\/v2\/comments?post=311"}],"version-history":[{"count":4,"href":"https:\/\/www.revolucionpermanente.com\/catala\/wp-json\/wp\/v2\/posts\/311\/revisions"}],"predecessor-version":[{"id":315,"href":"https:\/\/www.revolucionpermanente.com\/catala\/wp-json\/wp\/v2\/posts\/311\/revisions\/315"}],"wp:attachment":[{"href":"https:\/\/www.revolucionpermanente.com\/catala\/wp-json\/wp\/v2\/media?parent=311"}],"wp:term":[{"taxonomy":"category","embeddable":true,"href":"https:\/\/www.revolucionpermanente.com\/catala\/wp-json\/wp\/v2\/categories?post=311"},{"taxonomy":"post_tag","embeddable":true,"href":"https:\/\/www.revolucionpermanente.com\/catala\/wp-json\/wp\/v2\/tags?post=311"}],"curies":[{"name":"wp","href":"https:\/\/api.w.org\/{rel}","templated":true}]}}