{"id":280,"date":"2024-06-10T12:00:00","date_gmt":"2024-06-10T10:00:00","guid":{"rendered":"https:\/\/www.revolucionpermanente.com\/catala\/?p=280"},"modified":"2024-06-16T20:20:12","modified_gmt":"2024-06-16T18:20:12","slug":"fora-mans-del-partit-obrer-front-unic-obrer-contra-la-repressio-del-govern-de-milei-bullrich-anullacio-dels-processos-judicials-contra-organitzacions-i-militants-del-moviment-obrer","status":"publish","type":"post","link":"https:\/\/www.revolucionpermanente.com\/catala\/2024\/06\/10\/fora-mans-del-partit-obrer-front-unic-obrer-contra-la-repressio-del-govern-de-milei-bullrich-anullacio-dels-processos-judicials-contra-organitzacions-i-militants-del-moviment-obrer\/","title":{"rendered":"Fora mans del Partit Obrer! Front \u00fanic obrer contra la repressi\u00f3 del govern de Milei-Bullrich! Anul\u00b7laci\u00f3 dels processos judicials contra organitzacions i militants del moviment obrer!"},"content":{"rendered":"\n<p class=\"has-text-align-left\">El 3 de juny, el sistema de just\u00edcia federal del govern antiobrer de Milei va enviar policies a la seu nacional del Partido Obrero (PO) a Buenos Aires. Aquesta intimidaci\u00f3 es produ\u00efx despr\u00e9s de diversos registres brutals a dirigents d&#8217;organitzacions ve\u00efnals i d&#8217;aturats, i processos judicials contra Eduardo Belliboni, dirigent del PO.<br>El govern argent\u00ed no sols vol reduir dr\u00e0sticament el dret de manifestaci\u00f3, agreujar l&#8217;explotaci\u00f3 dels treballadors i l&#8217;empobriment de les masses treballadores, sin\u00f3 que protegix els especuladors i defraudadors sempre que siguen rics o empresaris.<br>La verdadera ra\u00f3 de l&#8217;atac del govern \u00e9s que el PO est\u00e0 en contra de tot aix\u00f2. El Col\u00b7lectiu Revoluci\u00f3 Permanent den\u00fancia l&#8217;ofensiva i afirma la seua solidaritat amb els militants del PO.<br>Front \u00fanic obrer nacional i internacional en defensa del PO i de totes les v\u00edctimes de la repressi\u00f3 judicial i policial del govern de Milei!<\/p>\n\n\n\n<p class=\"has-text-align-center\">10 de juny de 2024<br>Col\u00b7lectiu Revoluci\u00f3 Permanent<br><\/p>\n","protected":false},"excerpt":{"rendered":"<p>El 3 de juny, el sistema de just\u00edcia federal del govern antiobrer de Milei va enviar policies a la seu nacional del Partido Obrero (PO) a Buenos Aires. Aquesta intimidaci\u00f3&#8230; <a href=\"https:\/\/www.revolucionpermanente.com\/catala\/2024\/06\/10\/fora-mans-del-partit-obrer-front-unic-obrer-contra-la-repressio-del-govern-de-milei-bullrich-anullacio-dels-processos-judicials-contra-organitzacions-i-militants-del-moviment-obrer\/\">M\u00e9s informaci\u00f3 &raquo;<\/a><\/p>\n","protected":false},"author":1,"featured_media":0,"comment_status":"closed","ping_status":"closed","sticky":false,"template":"","format":"standard","meta":{"footnotes":""},"categories":[1],"tags":[],"class_list":["post-280","post","type-post","status-publish","format-standard","hentry","category-non-classe"],"_links":{"self":[{"href":"https:\/\/www.revolucionpermanente.com\/catala\/wp-json\/wp\/v2\/posts\/280","targetHints":{"allow":["GET"]}}],"collection":[{"href":"https:\/\/www.revolucionpermanente.com\/catala\/wp-json\/wp\/v2\/posts"}],"about":[{"href":"https:\/\/www.revolucionpermanente.com\/catala\/wp-json\/wp\/v2\/types\/post"}],"author":[{"embeddable":true,"href":"https:\/\/www.revolucionpermanente.com\/catala\/wp-json\/wp\/v2\/users\/1"}],"replies":[{"embeddable":true,"href":"https:\/\/www.revolucionpermanente.com\/catala\/wp-json\/wp\/v2\/comments?post=280"}],"version-history":[{"count":1,"href":"https:\/\/www.revolucionpermanente.com\/catala\/wp-json\/wp\/v2\/posts\/280\/revisions"}],"predecessor-version":[{"id":281,"href":"https:\/\/www.revolucionpermanente.com\/catala\/wp-json\/wp\/v2\/posts\/280\/revisions\/281"}],"wp:attachment":[{"href":"https:\/\/www.revolucionpermanente.com\/catala\/wp-json\/wp\/v2\/media?parent=280"}],"wp:term":[{"taxonomy":"category","embeddable":true,"href":"https:\/\/www.revolucionpermanente.com\/catala\/wp-json\/wp\/v2\/categories?post=280"},{"taxonomy":"post_tag","embeddable":true,"href":"https:\/\/www.revolucionpermanente.com\/catala\/wp-json\/wp\/v2\/tags?post=280"}],"curies":[{"name":"wp","href":"https:\/\/api.w.org\/{rel}","templated":true}]}}