{"id":250,"date":"2023-08-15T12:00:00","date_gmt":"2023-08-15T10:00:00","guid":{"rendered":"https:\/\/www.revolucionpermanente.com\/catala\/?p=250"},"modified":"2023-08-22T21:06:13","modified_gmt":"2023-08-22T19:06:13","slug":"construir-avui-una-nova-internacional-debat-entre-corep-l5i-oti-i-rsocamp-de-la-l5i-berlin-15-dagost-de-2023","status":"publish","type":"post","link":"https:\/\/www.revolucionpermanente.com\/catala\/2023\/08\/15\/construir-avui-una-nova-internacional-debat-entre-corep-l5i-oti-i-rsocamp-de-la-l5i-berlin-15-dagost-de-2023\/","title":{"rendered":"Construir avui una nova internacional, Debat entre CoReP, L5I, OTI i RSO<br>Camp de la L5I, Berl\u00edn, 15 d&#8217;agost de 2023"},"content":{"rendered":"\n<p><strong>Intervenci\u00f3 del representant del CoReP<\/strong><\/p>\n\n\n\n<p>Gr\u00e0cies a l\u2019L5I per la invitaci\u00f3 a aquest Campament d&#8217;Estiu i per donar-nos l&#8217;oportunitat de mantindre aquest debat.<\/p>\n\n\n\n<p>El mode de producci\u00f3 capitalista, basat en el lucre, est\u00e0 destruint l&#8217;entorn hum\u00e0. Les crisis econ\u00f2miques s\u00f3n recurrents, provocant m\u00e9s desocupaci\u00f3 i pobresa. Els Estats burgesos deroguen les conquestes socials, restringeixen les llibertats\u2026 Els partits pol\u00edtics burgesos busquen bocs expiatoris i es secunden per a aix\u00f2 en la religi\u00f3, el racisme, l&#8217;homof\u00f2bia\u2026<\/p>\n\n\n\n<p>L&#8217;Estat imperialista rus va envair Ucra\u00efna i Putin va atribuir la independ\u00e8ncia ucra\u00efnesa a una tra\u00efci\u00f3 del Partit Bolxevic. A causa del sentiment nacional i de la falta de motivaci\u00f3 de les tropes russes, Ucra\u00efna no va ser conquistada. El proletariat rus pot posar fi a la guerra, conquistant llibertats democr\u00e0tiques i forjant relacions fraternals amb les minories nacionals i amb els pobles ve\u00efns.<\/p>\n\n\n\n<p>Els rohingyes s\u00f3n perseguits per l&#8217;Estat birm\u00e0. Caixmir \u00e9s v\u00edctima de l&#8217;Estat indi. Els kurds s\u00f3n una minoria oprimida per diversos Estats capitalistes. Israel continua la seua brutal colonitzaci\u00f3 de Palestina. L&#8217;Estat afgan\u00e9s ha expulsat a les xiquetes de l&#8217;escola. L&#8217;Estat irani\u00e0 imposa l&#8217;\u00fas del vel. Fins i tot en l&#8217;Estat m\u00e9s avan\u00e7at -en termes econ\u00f2mics i cient\u00edfics-, l&#8217;ala filo-feixista o clerical de la burgesia restringeix el dret a l&#8217;avortament.<\/p>\n\n\n\n<p>No obstant aix\u00f2, les repetides tra\u00efcions dels partits \u00abreformistes\u00bb i les burocr\u00e0cies sindicals corruptes han ajudat el capitalisme a sobreviure, en molts moments, incloent-hi la seua recent negativa a convocar la vaga general a Fran\u00e7a i Gran Bretanya. El reformisme \u00e9s la tend\u00e8ncia m\u00e9s influent dins del moviment obrer. Es tracta de les burocr\u00e0cies corruptes dels partits social-patriotes i dels sindicats. L&#8217;entrisme en aquestes organitzacions \u00e9s una opci\u00f3. El front \u00fanic obrer li correspon a les organitzacions obreres. L&#8217;estrat\u00e8gia comunista actual, que \u00e9s la revoluci\u00f3 permanent, entra en conflicte amb qualsevol tipus de front popular, incl\u00f2s, als pa\u00efsos dominats, el front \u00fanic antiimperialista (FUA).<\/p>\n\n\n\n<p>[L\u2019FUA] No forma part del programa comunista des de fa gaireb\u00e9 un segle. Quan el terme va ser encunyat en 1922 per Zin\u00f3viev i Radek, ja havia sigut invalidat per la massacre de 1921 del Partit Comunista de Turquia a les mans del r\u00e8gim nacionalista burg\u00e9s. La contrarevoluci\u00f3 dirigida pel Kuomintang a la Xina en 1927 va portar a l&#8217;Oposici\u00f3 d&#8217;Esquerra Internacional (en la Internacional Comunista) a substituir l&#8217;estrat\u00e8gia de la revoluci\u00f3 permanent pel front \u00fanic antiimperialista. La reintroducci\u00f3 per Pablo i Mandel del front \u00fanic antiimperialista en 1951 va conduir a la tra\u00efci\u00f3 de la revoluci\u00f3 boliviana en 1952, quan la direcci\u00f3 internacional va fer costat a l&#8217;ala esquerra del nacionalista burg\u00e9s MNR.<\/p>\n\n\n\n<p>Per a detindre la marxa cap a la barb\u00e0rie, els treballadors conscients han d&#8217;unir-se per a expropiar el gran capital, substituir els estats burgesos per governs obrers basats en consells obrers, amb una producci\u00f3 i distribuci\u00f3 planificades de manera que es preserve el planeta. Per a aconseguir-ho, necessitem un programa d&#8217;acci\u00f3, un aut\u00e8ntic partit obrer en cada pa\u00eds i una internacional comunista revolucion\u00e0ria a escala mundial.<\/p>\n\n\n\n<p>Es recolzar\u00e0 en les desenes de milers de militants que volen enderrocar la burgesia, enfrontar-se a les seues bandes armades, retrobar el cam\u00ed de la revoluci\u00f3 d&#8217;octubre. La construcci\u00f3 de la internacional comunista i de les seues seccions com a partits obrers revolucionaris en cada pa\u00eds ser\u00e0 el resultat d&#8217;una llarga lluita. Es tracta de reunir, amb paci\u00e8ncia, a escala internacional i en cada pa\u00eds, a militants comunistes internacionalistes, ja provinguen de l&#8217;anomenat trotskisme, d&#8217;altres corrents del moviment obrer o del nacionalisme dels oprimits.<\/p>\n\n\n\n<p>Les q\u00fcestions de t\u00e0ctica nacional (sobre l&#8217;activitat en els sindicats, sobre el vot, sobre la possibilitat de presentar candidatures\u2026) no poden ser resoltes m\u00e9s que a escala internacional, de forma centralitzada i democr\u00e0tica. Es tracta de separar el que \u00e9s revolucionari en el moviment obrer de l&#8217;oportunisme i el sectarisme. Els comunistes lluiten en tot el moviment obrer per la democr\u00e0cia obrera. Sobre aquestes bases, les organitzacions comunistes treballen juntes en la construcci\u00f3 de la internacional obrera revolucion\u00e0ria que permetr\u00e0 la vict\u00f2ria definitiva de la revoluci\u00f3 socialista, alliberant la humanitat de l&#8217;explotaci\u00f3, obrint el cam\u00ed al socialisme-comunisme, a una societat de l&#8217;abund\u00e0ncia que permetr\u00e0 la realitzaci\u00f3 de tots.<\/p>\n\n\n\n<p><strong>Conclusi\u00f3 del representant del CoReP<\/strong><\/p>\n\n\n\n<p>Moltes gr\u00e0cies per aquest debat. Les intervencions dels camarades han sigut inspiradores, amb nombroses q\u00fcestions importants. Entre elles, la q\u00fcesti\u00f3 de la joventut. Aix\u00f2 \u00e9s decisiu, tant per al present com per al futur, i \u00e9s crucial tindre una organitzaci\u00f3 juvenil aut\u00f2noma dins de la Internacional i dins de cadascuna de les seccions.<\/p>\n\n\n\n<p>Un camarada es preguntava sobre el reformisme. Com delimitar-nos? Quina postura adoptar? Es refereix als partits i a les burocr\u00e0cies sindicals que defensen la idea que es pot arribar al socialisme mitjan\u00e7ant reformes en lloc de la revoluci\u00f3. Abans de la Primera Guerra Mundial era una il\u00b7lusi\u00f3, despr\u00e9s de la Primera Guerra Mundial \u00e9s una tra\u00efci\u00f3. Va ser la demostraci\u00f3 pr\u00e0ctica que no es pot transigir amb el capital, ho sabem. Entre reformistes i revolucionaris, hi ha centristes que vacil\u00b7len entre els dos, ni reformistes ni revolucionaris. En cada etapa es decideixen per l&#8217;un o l&#8217;altre, per\u00f2 com a centristes no s\u00f3n revolucionaris.<\/p>\n\n\n\n<p>I ara com ens coordinem? Quins passos hem de donar? El que hem de fer \u00e9s tindre clar, tant program\u00e0tica com pr\u00e0cticament, per qu\u00e8 hem de delimitar-nos, com van fer Marx i Engels contra els anarquistes, com va fer Lenin contra els reformistes, com va fer Trotsky contra els estalinistes, com van fer els comunistes revolucionaris contra els centristes.<\/p>\n\n\n\n<p>El punt crucial \u00e9s: cap alian\u00e7a amb la burgesia. Aquesta \u00e9s la q\u00fcesti\u00f3 principal de la nostra discussi\u00f3 sobre el Front \u00danic Antiimperialista: cap coalici\u00f3 amb la burgesia. Aquest \u00e9s un dels punts que hem de discutir entre les nostres organitzacions, tant en termes pr\u00e0ctics com te\u00f2rics.<\/p>\n","protected":false},"excerpt":{"rendered":"<p>Intervenci\u00f3 del representant del CoReP Gr\u00e0cies a l\u2019L5I per la invitaci\u00f3 a aquest Campament d&#8217;Estiu i per donar-nos l&#8217;oportunitat de mantindre aquest debat. El mode de producci\u00f3 capitalista, basat en&#8230; <a href=\"https:\/\/www.revolucionpermanente.com\/catala\/2023\/08\/15\/construir-avui-una-nova-internacional-debat-entre-corep-l5i-oti-i-rsocamp-de-la-l5i-berlin-15-dagost-de-2023\/\">M\u00e9s informaci\u00f3 &raquo;<\/a><\/p>\n","protected":false},"author":1,"featured_media":0,"comment_status":"closed","ping_status":"closed","sticky":false,"template":"","format":"standard","meta":{"footnotes":""},"categories":[1],"tags":[],"class_list":["post-250","post","type-post","status-publish","format-standard","hentry","category-non-classe"],"_links":{"self":[{"href":"https:\/\/www.revolucionpermanente.com\/catala\/wp-json\/wp\/v2\/posts\/250","targetHints":{"allow":["GET"]}}],"collection":[{"href":"https:\/\/www.revolucionpermanente.com\/catala\/wp-json\/wp\/v2\/posts"}],"about":[{"href":"https:\/\/www.revolucionpermanente.com\/catala\/wp-json\/wp\/v2\/types\/post"}],"author":[{"embeddable":true,"href":"https:\/\/www.revolucionpermanente.com\/catala\/wp-json\/wp\/v2\/users\/1"}],"replies":[{"embeddable":true,"href":"https:\/\/www.revolucionpermanente.com\/catala\/wp-json\/wp\/v2\/comments?post=250"}],"version-history":[{"count":2,"href":"https:\/\/www.revolucionpermanente.com\/catala\/wp-json\/wp\/v2\/posts\/250\/revisions"}],"predecessor-version":[{"id":252,"href":"https:\/\/www.revolucionpermanente.com\/catala\/wp-json\/wp\/v2\/posts\/250\/revisions\/252"}],"wp:attachment":[{"href":"https:\/\/www.revolucionpermanente.com\/catala\/wp-json\/wp\/v2\/media?parent=250"}],"wp:term":[{"taxonomy":"category","embeddable":true,"href":"https:\/\/www.revolucionpermanente.com\/catala\/wp-json\/wp\/v2\/categories?post=250"},{"taxonomy":"post_tag","embeddable":true,"href":"https:\/\/www.revolucionpermanente.com\/catala\/wp-json\/wp\/v2\/tags?post=250"}],"curies":[{"name":"wp","href":"https:\/\/api.w.org\/{rel}","templated":true}]}}