{"id":226,"date":"2022-12-03T12:00:00","date_gmt":"2022-12-03T11:00:00","guid":{"rendered":"https:\/\/www.revolucionpermanente.com\/catala\/?p=226"},"modified":"2022-12-14T19:24:04","modified_gmt":"2022-12-14T18:24:04","slug":"a-baix-lagressio-militar-turca-contra-els-kurds","status":"publish","type":"post","link":"https:\/\/www.revolucionpermanente.com\/catala\/2022\/12\/03\/a-baix-lagressio-militar-turca-contra-els-kurds\/","title":{"rendered":"A baix l&#8217;agressi\u00f3 militar turca contra els kurds!"},"content":{"rendered":"\n<div id='corps_texte'>\nEl 19 de novembre, Erdogan va llan\u00e7ar la seva aviaci\u00f3 a bombardejar diverses regions kurdes del nord de S\u00edria, a les prov\u00edncies d&#8217;Alep i Hassak\u00e9, en particular contra la ciutat de Kobane, s\u00edmbol de la resist\u00e8ncia victoriosa dels kurds contra la barb\u00e0rie de l&#8217;Estat Isl\u00e0mic. Des de llavors, l&#8217;artilleria turca bombardeja la zona per a preparar una ofensiva terrestre.<br><br>\n\nL&#8217;aspirant a aut\u00f2crata Erdogan va utilitzar com a pretext l&#8217;atemptat perpetrat a Istanbul el 13 de novembre i immediatament el va atribuir al Partit de la Uni\u00f3 Democr\u00e0tica (PYD-YPG) i al Partit dels Treballadors del Kurdistan (PKK). Aquests, que no organitzen habitualment atemptats contra civils, hi van negar immediatament qualsevol implicaci\u00f3. Per\u00f2 aix\u00f2 li importa molt poc a Erdogan, que fa temps que est\u00e0 buscant un pretext per a tornar a intervenir militarment contra el PKK i el PYD a S\u00edria. Ja el 26 de maig va anunciar la seva intenci\u00f3 d&#8217;enviar el seu ex\u00e8rcit a controlar tot el nord de S\u00edria en una longitud de m\u00e9s de 400 km i una ampl\u00e0ria de 30 km i expulsar els kurds que hi viuen. L&#8217;ex\u00e8rcit turc ja ha intervingut contra els kurds a S\u00edria en 2016, 2017, 2018, 2019 i 2020. En 2019, en estret acord amb els Estats Units, que retirava les seves tropes, l&#8217;ex\u00e8rcit turc, ajudat pels seus auxiliars islamistes de l&#8217;Ex\u00e8rcit Nacional Siri\u00e0, va llan\u00e7ar una ofensiva i va ocupar una zona de 120 km per 30 km al voltant de les ciutats de Tall Abyad i Ras al-Ain. Ara es tracta que Erdogan acabe el treball i expulse els kurds, amb el PKK i el PYD, de tota la frontera siriana amb Turquia.<br><br>\n\nDes del desmembrament de l&#8217;Imperi Otom\u00e0 per les pot\u00e8ncies imperialistes vencedores de la Primera Guerra Mundial, especialment Fran\u00e7a i Gran Bretanya, el poble kurd ha estat dividit entre Turquia, l&#8217;Iran, S\u00edria i l&#8217;Iraq, redu\u00eft en cada pa\u00eds a ser una minoria m\u00e9s o menys oprimida segons el r\u00e8gim i les circumst\u00e0ncies pol\u00edtiques, per\u00f2 mai reconegut com una naci\u00f3 oprimida amb dret a separar-se i fundar el seu propi estat. La reivindicaci\u00f3 d&#8217;un estat \u00fanic kurd no sols \u00e9s incompatible amb les maniobres dels imperialismes dominants, sin\u00f3 que tamb\u00e9 xoca amb les burgesies de Turquia, l&#8217;Iran, S\u00edria i l&#8217;Iraq.<br><br>\n\nEl nacionalisme kurd sempre ha optat per secundar-se en un estat de la zona o en una pot\u00e8ncia imperialista. Aix\u00ed, el petitburg\u00e8s Partit de la Uni\u00f3 Democr\u00e0tica (PYD) de S\u00edria ha pactat amb el dictador Bashar al-Assad i s&#8217;ha aliat amb els Estats Units, que ha lliurat Iraq a les camarilles \u00e0rabs clericals i que acaba d&#8217;autoritzar la darrera  ofensiva militar de Turquia. Per la seua part, el burg\u00e8s Partit Democr\u00e0tic del Kurdistan (PDK) dirigeix un mini-estat a l&#8217;Iraq secundat per Turquia, que a vegades desemboca en conflictes armats amb el PKK. Aix\u00f2 \u00e9s un atzucac. Cap fracci\u00f3 significativa de la burgesia turca, persa, iraquiana o siriana ha acceptat mai el dret a l&#8217;autodeterminaci\u00f3 de les minories nacionals. Els seus quatre estats s\u00f3n responsables de massacres i atropellaments contra els kurds. I la protecci\u00f3 de l&#8217;imperialisme estatunidenc i rus \u00e9s il\u00b7lus\u00f2ria. De fet, els imperialismes occidentals aliats de Turquia han continuat considerant el PKK com una organitzaci\u00f3 terrorista fins i tot mentre recolzaven el seu bra\u00e7 armat a S\u00edria, el YPG, per a lluitar contra l&#8217;Estat Isl\u00e0mic. \u00d2bviament, nom\u00e9s gr\u00e0cies a l&#8217;acord dels governs estatunidenc i rus els avions turcs han pogut entrar sense obstacles en l&#8217;espai aeri siri\u00e0, per a bombardejar la poblaci\u00f3 kurda, el 19 de novembre.<br><br>\n\nEnfrontats a una situaci\u00f3 revolucion\u00e0ria i a una crisi econ\u00f2mica, respectivament, els governs islamistes de l&#8217;Iran i Turquia estan intensificant els seus atacs contra els kurds. A Turquia, Erdogan i el bloc governamental AKP-MHP tornen a utilitzar els kurds com a bocs expiatoris en un intent de mantenir-se en el poder abans de les eleccions generals de juny de 2023. A l&#8217;Iran, el poder\u00f3s moviment de masses contra la dictadura islamista s&#8217;ha originat a la regi\u00f3 kurda, la m\u00e9s oprimida, i \u00e9s contra ella que es desferma la repressi\u00f3 sense l\u00edmit, ja que els manifestants hi s\u00f3n massacrats all\u00ed pels esbirros del r\u00e8gim amb metralladores pesades. A m\u00e9s, l&#8217;ex\u00e8rcit irani\u00e0 ha bombardejat posicions kurdes en el nord de l&#8217;Iraq. Com a resultat, els kurds estan sent atacats ara pels r\u00e8gims turc i irani\u00e0, mentre que el dictador siri\u00e0, secundat per R\u00fassia i l&#8217;Iran, nom\u00e9s espera l&#8217;oportunitat adequada per a recuperar el control del Kurdistan siri\u00e0.<br><br>\n\nEl futur del poble kurd no est\u00e0 en la cerca d&#8217;aliances amb tal o tal altra pot\u00e8ncia imperialista o amb tal o tal altre estat burg\u00e8s de la regi\u00f3. El dret del poble kurd a fundar el seu propi estat nom\u00e9s pot triomfar secundant-se en la lluita del proletariat turc per a desfer-se d&#8217;Erdogan, en la del proletariat irani\u00e0 per a desfer-se de la dictadura islamista, en la instauraci\u00f3 de governs obrers i camperols, en una Federaci\u00f3 Socialista d&#8217;\u00c0sia Occidental.<br><br>\n\n<ul><li>Front \u00fanic obrer en defensa dels drets kurds!<\/li>\n<li>Dirigents de les organitzacions obreres, convoqueu i organitzeu manifestacions davant les ambaixades i consolats turcs per la fi de la intervenci\u00f3, la retirada de les tropes, l&#8217;alliberament dels presos!<\/li>\n<li>Cessament immediat de l&#8217;atac militar turc, retirada de totes les tropes turques de S\u00edria!<\/li>\n<li>Cessament immediat de la repressi\u00f3 contra les masses al Kurdistan irani\u00e0 i en tot l&#8217;Iran!<\/li>\n<li>Pel dret dels kurds de Turquia, l&#8217;Iran, S\u00edria i l&#8217;Iraq a formar un \u00fanic estat kurd!<\/li><\/ul>\n\n<center>29 de novembre de 2022<\/center>\n\n<center>COL\u00b7LECTIU REVOLUCI\u00d3 PERMANENT -COREP\n(\u00c0ustria, Estat Espanyol, Fran\u00e7a, Turquia)<\/center>\n<\/div>\n","protected":false},"excerpt":{"rendered":"<p>El 19 de novembre, Erdogan va llan\u00e7ar la seva aviaci\u00f3 a bombardejar diverses regions kurdes del nord de S\u00edria, a les prov\u00edncies d&#8217;Alep i Hassak\u00e9, en particular contra la ciutat&#8230; <a href=\"https:\/\/www.revolucionpermanente.com\/catala\/2022\/12\/03\/a-baix-lagressio-militar-turca-contra-els-kurds\/\">M\u00e9s informaci\u00f3 &raquo;<\/a><\/p>\n","protected":false},"author":1,"featured_media":0,"comment_status":"closed","ping_status":"closed","sticky":false,"template":"","format":"standard","meta":{"footnotes":""},"categories":[1],"tags":[],"class_list":["post-226","post","type-post","status-publish","format-standard","hentry","category-non-classe"],"_links":{"self":[{"href":"https:\/\/www.revolucionpermanente.com\/catala\/wp-json\/wp\/v2\/posts\/226","targetHints":{"allow":["GET"]}}],"collection":[{"href":"https:\/\/www.revolucionpermanente.com\/catala\/wp-json\/wp\/v2\/posts"}],"about":[{"href":"https:\/\/www.revolucionpermanente.com\/catala\/wp-json\/wp\/v2\/types\/post"}],"author":[{"embeddable":true,"href":"https:\/\/www.revolucionpermanente.com\/catala\/wp-json\/wp\/v2\/users\/1"}],"replies":[{"embeddable":true,"href":"https:\/\/www.revolucionpermanente.com\/catala\/wp-json\/wp\/v2\/comments?post=226"}],"version-history":[{"count":1,"href":"https:\/\/www.revolucionpermanente.com\/catala\/wp-json\/wp\/v2\/posts\/226\/revisions"}],"predecessor-version":[{"id":227,"href":"https:\/\/www.revolucionpermanente.com\/catala\/wp-json\/wp\/v2\/posts\/226\/revisions\/227"}],"wp:attachment":[{"href":"https:\/\/www.revolucionpermanente.com\/catala\/wp-json\/wp\/v2\/media?parent=226"}],"wp:term":[{"taxonomy":"category","embeddable":true,"href":"https:\/\/www.revolucionpermanente.com\/catala\/wp-json\/wp\/v2\/categories?post=226"},{"taxonomy":"post_tag","embeddable":true,"href":"https:\/\/www.revolucionpermanente.com\/catala\/wp-json\/wp\/v2\/tags?post=226"}],"curies":[{"name":"wp","href":"https:\/\/api.w.org\/{rel}","templated":true}]}}