{"id":179,"date":"2021-12-15T12:00:00","date_gmt":"2021-12-15T11:00:00","guid":{"rendered":"http:\/\/www.revolucionpermanente.com\/catala\/?p=179"},"modified":"2021-12-19T15:55:53","modified_gmt":"2021-12-19T14:55:53","slug":"acabar-amb-la-politica-criminal-dels-estats-deuropa-cap-als-migrants","status":"publish","type":"post","link":"https:\/\/www.revolucionpermanente.com\/catala\/2021\/12\/15\/acabar-amb-la-politica-criminal-dels-estats-deuropa-cap-als-migrants\/","title":{"rendered":"Acabar amb la pol\u00edtica criminal dels estats d&#8217;Europa cap als migrants"},"content":{"rendered":"\n<div id=\"corps_texte\">\n<h3>La burgesia decadent busca bocs expiatoris<\/h3>\n\nAmb les crisis econ\u00f2miques mundials de finals del segle XX i la reaparici\u00f3 de la desocupaci\u00f3 massiva en els centres imperialistes, s&#8217;han refor\u00e7at considerablement les tend\u00e8ncies conspiratives, nacionalistes i racistes, que d&#8217;una forma o una altra assenyalen l&#8217;estranger com a boc expiatori, com a culpable de la deterioraci\u00f3 de la situaci\u00f3: &#8220;virus xin\u00e9s&#8221;, &#8220;finances cosmopolites&#8221;, &#8220;Europa&#8221;, immigrants, musulmans.. :<br><br>\n\n<ul><li>Els partits &#8220;democr\u00e0tics&#8221; de la burgesia: el Partit Republic\u00e0 als EUA, CP a Gran Bretanya, CDU-CSU a Alemanya, LR a Fran\u00e7a, PiS a Pol\u00f2nia, FIDESZ-MPP a Hongria, PP a Espanya, \u00d6VP a \u00c0ustria&#8230; s&#8217;han tornat encara m\u00e9s nacionalistes i reaccionaris; <\/li>\n\n<li>Els partits burgesos xen\u00f2fobs: Vox a Espanya, Lliga a It\u00e0lia, RN a Fran\u00e7a, Reform UK (ex-UKIP) a Gran Bretanya, FP\u00d6 a \u00c0ustria, PVV a Holanda, AfD a Alemanya, NVA a B\u00e8lgica&#8230; se situen encara m\u00e9s a la dreta dels primers;<\/li>\n\n<li>Els grups feixistes tornen a atacar immigrants, les minories i les organitzacions de treballadors als Estats Units i Europa. <\/li>\n\n<\/ul>\n\nLa campanya de 2016 per a l&#8217;eixida del Regne Unit (Brexit) va ser un exemple d&#8217;aquesta vomitiva demag\u00f2gia. L&#8217;ala de Boris Johnson en el Partit Conservador i l&#8217;UKIP de Nigel Farage van posar el punt de mira en la immigraci\u00f3 d&#8217;Europa central i van culpar a la UE de la devastaci\u00f3 del sistema de salut p\u00fablica (duta a terme pels governs brit\u00e0nics precedents). <br><br>\n\n<figure>\n    <img decoding=\"async\" src=\"\/images\/61bb544c5d9d4.jpg\" class=\"images\">\n    <figcaption><center>Organitzaci\u00f3 Internacional per a les Migracions (ONU), La migraci\u00f3 i migrants el m\u00f3n, 1 de desembre de 2021 <\/center><\/figcaption>\n<\/figure><br>\n\nLa major part de les poblacions despla\u00e7ades per cat\u00e0strofes mediambientals, sequeres, guerres, fam, persecucions i pobresa es dirigeixen cap a altres regions del seu estat o a un estat ve\u00ed tamb\u00e9 subdesenvolupat. Per exemple, la majoria dels refugiats rohingya de Birm\u00e0nia han fugit a Bangladesh, la majoria dels despla\u00e7ats de la Rep\u00fablica Democr\u00e0tica del Congo estan a l&#8217;interior del pa\u00eds, la majoria dels refugiats \u00e0rabs i kurds de S\u00edria estan a S\u00edria o se&#8217;n han anat a Jord\u00e0nia, L\u00edban o Turquia, la majoria dels migrants de Col\u00f2mbia i Vene\u00e7uela estan a Am\u00e8rica Llatina, molts residents d&#8217;Eti\u00f2pia s&#8217;estan despla\u00e7ant cap a Eritrea i Sudan.<br><br>\n\nUna minoria s&#8217;arrisca tractant d&#8217;arribar als centres imperialistes, a vegades per a reunir-se amb la fam\u00edlia. Cada mes, hi ha refugiats &#8211; v\u00edctimes de les guerres provocades o mantingudes per les grans pot\u00e8ncies o els seus aliats &#8211; i  treballadors &#8211; empobrits per la destrucci\u00f3 dels seus mitjans tradicionals de subsist\u00e8ncia i l&#8217;espoli dels seus recursos naturals provocat pel capitalisme global &#8211; que moren en el desert del sud dels Estats Units, en els boscos del centre d&#8217;Europa, en la mar Carib, al Canal de la M\u00e0nega, a l&#8217;Atl\u00e0ntic enfront de les Can\u00e0ries i, sobretot, al Mediterrani.<br><br>\n\n<h3>La Uni\u00f3 Europea i Gran Bretanya trepitgen els principis democr\u00e0tics<\/h3>\n\nEl capital circula lliurement. Els grans capitalistes de totes les nacionalitats que viatgen en iots i jets privats s\u00f3n rebuts a tot arreu amb els bra\u00e7os oberts. <br><br>\n\nEn canvi, la majoria dels estats, fins i tot els que es declaren democr\u00e0tics, restringeixen la circulaci\u00f3 dels estrangers quan s\u00f3n pobres. Els fiquen en camps de retenci\u00f3  encara que no han fet res dolent. Hi alcen filats i murs. Altres estats utilitzen els migrants com a mitjans de pressi\u00f3 per a al\u00e7ar sancions (Bielor\u00fassia), controlar el territori (el Marroc) o obtenir diners (Turquia). Als nombrosos ex\u00e8rcits, policies i duanes nacionals, la Uni\u00f3 Europea va afegir en 2004 una for\u00e7a espec\u00edficament dissenyada per a retornar els immigrants, Frontex. Mentre es prepara per a assumir la presid\u00e8ncia de la UE, Macron demana que es restringisca l&#8217;espai Schengen i que es reforce Frontex perqu\u00e8 &#8220;Europa s\u00e0pia protegir les seues fronteres&#8221; i aix\u00ed impedir millor l&#8217;acc\u00e9s dels migrants. En l&#8217;actualitat, el Regne Unit i Fran\u00e7a, que es disputen els caladors de pesca, deixen morir els \u00e9ssers humans que intenten creuar el Canal de la M\u00e0nega. Macron envia a la policia a destruir els campaments de migrants, mentre Johnson fa aprovar l&#8217;encara m\u00e9s restrictiva Llei de Nacionalitat i Fronteres (Nationality and Borders Bill, 13 de desembre).<br><br>\n\n<figure>\n    <img decoding=\"async\" src=\"\/images\/61bb544c5f0d3.jpg\" class=\"images\">\n    <figcaption><center>Organitzaci\u00f3 Internacional per a les Migracions (ONU), La migraci\u00f3 i migrants el m\u00f3n, 1 de desembre de 2021 <\/center><\/figcaption>\n<\/figure><br>\n\nEl 24 de novembre, uns migrants van utilitzar els seus tel\u00e8fons per a demanar ajuda mentre la seua barca s&#8217;afonava. En un v\u00eddeo fet p\u00fablic el 29 de novembre, un dels dos supervivents, Mohammed Shekha Ahmad, del Kurdistan iraqui\u00e0, explica: &#8220;Telefon\u00e0rem a la policia francesa, envi\u00e0rem la nostra ubicaci\u00f3. Ens van dir: esteu en aig\u00fces brit\u00e0niques, crideu els brit\u00e0nics. Crid\u00e0rem als brit\u00e0nics i ens van dir que crid\u00e0rem als francesos&#8221; (<em>Independent<\/em>, 29 de novembre; <em>Le Monde<\/em>, 10 de desembre). En va, hi van morir 27 persones.<br><br>\n\nEl govern franc\u00e9s de Macron-Castex va culpar llavors els contrabandistes, mentre que el govern de Johnson retragu\u00e9 a l&#8217;estat  franc\u00e9s no haver impedit les eixides des de la costa francesa. De fet, s\u00f3n les &#8220;pol\u00edtiques migrat\u00f2ries&#8221; i l&#8217;enduriment dels controls estatals els que creen la professi\u00f3 de contrabandista i fan que travessar fronteres siga cada vegada m\u00e9s arriscat. <br><br>\n\n<h3>De la terra o estrangera, una sola classe obrera!<\/h3>\n\nEnfront de la creixent repressi\u00f3 estatal que no impedeix la migraci\u00f3 sin\u00f3 que divideix i afebleix la classe obrera en tots els pa\u00efsos, la responsabilitat dels partits d&#8217;origen obrer i dels sindicats de treballadors \u00e9s lluitar per la unitat del proletariat, dels treballadors ciutadans o estrangers, amb papers o sense, siguen les que siguen les seues creences.<br><br>\n\n<ul><li>Permisos de resid\u00e8ncia per a tots els refugiats, treballadors estrangers i estudiants instal\u00b7lats en un pa\u00eds per temps indefinit.<\/li>\n\n<li>Igualtat de drets per a tots els treballadors que resideixen en un pa\u00eds. <\/li>\n\n<li>Tancament immediat de tots els centres de retenci\u00f3  d&#8217;estrangers<\/li>\n\n<li>Llibertat dels refugiats, treballadors i estudiants per a traslladar-se i instal\u00b7lar-se on vulguen.<\/li>\n\n<\/ul>\n\nAquestes reivindicacions nom\u00e9s poden ser satisfetes per governs obrers, els \u00fanics capa\u00e7os d&#8217;enderrocar el capitalisme, de posar l&#8217;economia en mans dels productors, de construir els Estats Units Socialistes d&#8217;Europa com un pas cap al socialisme mundial.<br><br>\n\n15 de desembre de 2021<br><br>\n\n<center><b>Col\u00b7lectiu Revoluci\u00f3 Permanent <\/b><\/center>\n\n<figure>\n    <img decoding=\"async\" src=\"\/images\/61bf4351a0d62.png\" class=\"images\" style=\"max-width:50%;\">\n<\/figure><br>\n\n<\/div>\n","protected":false},"excerpt":{"rendered":"<p>La burgesia decadent busca bocs expiatoris Amb les crisis econ\u00f2miques mundials de finals del segle XX i la reaparici\u00f3 de la desocupaci\u00f3 massiva en els centres imperialistes, s&#8217;han refor\u00e7at considerablement&#8230; <a href=\"https:\/\/www.revolucionpermanente.com\/catala\/2021\/12\/15\/acabar-amb-la-politica-criminal-dels-estats-deuropa-cap-als-migrants\/\">M\u00e9s informaci\u00f3 &raquo;<\/a><\/p>\n","protected":false},"author":1,"featured_media":0,"comment_status":"closed","ping_status":"closed","sticky":false,"template":"","format":"standard","meta":{"footnotes":""},"categories":[1],"tags":[],"class_list":["post-179","post","type-post","status-publish","format-standard","hentry","category-non-classe"],"_links":{"self":[{"href":"https:\/\/www.revolucionpermanente.com\/catala\/wp-json\/wp\/v2\/posts\/179","targetHints":{"allow":["GET"]}}],"collection":[{"href":"https:\/\/www.revolucionpermanente.com\/catala\/wp-json\/wp\/v2\/posts"}],"about":[{"href":"https:\/\/www.revolucionpermanente.com\/catala\/wp-json\/wp\/v2\/types\/post"}],"author":[{"embeddable":true,"href":"https:\/\/www.revolucionpermanente.com\/catala\/wp-json\/wp\/v2\/users\/1"}],"replies":[{"embeddable":true,"href":"https:\/\/www.revolucionpermanente.com\/catala\/wp-json\/wp\/v2\/comments?post=179"}],"version-history":[{"count":2,"href":"https:\/\/www.revolucionpermanente.com\/catala\/wp-json\/wp\/v2\/posts\/179\/revisions"}],"predecessor-version":[{"id":181,"href":"https:\/\/www.revolucionpermanente.com\/catala\/wp-json\/wp\/v2\/posts\/179\/revisions\/181"}],"wp:attachment":[{"href":"https:\/\/www.revolucionpermanente.com\/catala\/wp-json\/wp\/v2\/media?parent=179"}],"wp:term":[{"taxonomy":"category","embeddable":true,"href":"https:\/\/www.revolucionpermanente.com\/catala\/wp-json\/wp\/v2\/categories?post=179"},{"taxonomy":"post_tag","embeddable":true,"href":"https:\/\/www.revolucionpermanente.com\/catala\/wp-json\/wp\/v2\/tags?post=179"}],"curies":[{"name":"wp","href":"https:\/\/api.w.org\/{rel}","templated":true}]}}