{"id":165,"date":"2021-08-27T12:00:00","date_gmt":"2021-08-27T10:00:00","guid":{"rendered":"http:\/\/www.revolucionpermanente.com\/catala\/?p=165"},"modified":"2021-09-12T18:49:48","modified_gmt":"2021-09-12T16:49:48","slug":"cuba-per-la-revolucio-politica-que-expulse-del-poder-la-burocracia-restauracionista-i-estenga-la-revolucio-proletaria-a-tota-america","status":"publish","type":"post","link":"https:\/\/www.revolucionpermanente.com\/catala\/2021\/08\/27\/cuba-per-la-revolucio-politica-que-expulse-del-poder-la-burocracia-restauracionista-i-estenga-la-revolucio-proletaria-a-tota-america\/","title":{"rendered":"Cuba: per la revoluci\u00f3 pol\u00edtica, que expulse del poder la burocr\u00e0cia restauracionista i estenga la revoluci\u00f3 prolet\u00e0ria a tota Am\u00e8rica"},"content":{"rendered":"\n<div id=\"corps_texte\">\nLes protestes massives iniciades el 10 de juliol de 2021 i esteses per tot el territori cub\u00e0 han marcat un abans i despr\u00e9s en la relaci\u00f3 de les masses treballadores amb la burocr\u00e0cia que governa el pa\u00eds des de la revoluci\u00f3 social de 1959-1960.  En eixe temps, una fracci\u00f3 del M26J nacionalista petit-burg\u00e9s de Castro i Guevara, armant el poble, es va enfrontar a l&#8217;imperialisme ianqui, i els esdeveniments els van portar a anar prou m\u00e9s enll\u00e0 del seu programa democr\u00e0tic.<br><br>\n\nAquesta revoluci\u00f3 va fer esclatar el M26J mateix i el govern d&#8217;alian\u00e7a amb la burgesia \u201cdemocr\u00e0tica\u201d oposada al dictador Batista, deposat en 1959 per la guerrilla en el camp i la vaga general a les ciutats. I finalment va acabar expropiant les propietats dels mitjans i grans propietaris de terres i de la burgesia local i internacional.  Les conquestes van quedar ofegades dins dels l\u00edmits de Cuba, de la m\u00e0 de la burocr\u00e0cia estalinista de l\u2019URSS (i del partit comunista local), que va ajudar el partit de Fidel Castro a configurar una burocr\u00e0cia estatal gestora i parasit\u00e0ria de l&#8217;economia planificada i a impedir activament l&#8217;extensi\u00f3 de la revoluci\u00f3 fora de l&#8217;illa.<br><br>\n\nAquesta burocr\u00e0cia fa 60 anys que est\u00e0 independitzada per complet de les masses obreres i camperoles, que mai han tingut el control de l&#8217;estat per mitj\u00e0 d&#8217;un sistema de democr\u00e0cia sovi\u00e8tica com el que va inaugurar la Revoluci\u00f3 Russa de 1917 i va ser liquidat a la fi dels anys 1920 pel r\u00e8gim de Stalin.<br><br>\n\nDurant el per\u00edode inicial, el de la Tri continental i l\u2019OLAS, Castro va exercir una pressi\u00f3 sobre l&#8217;imperialisme ianqui amb la guerrilla en tota Am\u00e8rica llatina, amb indifer\u00e8ncia respecte a la vaga general de 1968 a Fran\u00e7a i hostilitat (com Mao) a la revoluci\u00f3 pol\u00edtica de Pol\u00f2nia i Txecoslov\u00e0quia. Castro va utilitzar el prestigi de la revoluci\u00f3 cubana (i  l&#8217;heroisme d\u2019en Guevara) per a ajudar a impedir la revoluci\u00f3 prolet\u00e0ria de Xile en 1973 i de Nicaragua en 1979. Aix\u00f2 permetia a la burocr\u00e0cia conservar el poder (i els privilegis) encara que l&#8217;estat obrer romania a\u00efllat i feble.<br><br>\n\nSeguint amb retard els passos dels seus mentors russos, la burocr\u00e0cia estatal cubana fa d\u00e8cades que cerca la seua pr\u00f2pia reconversi\u00f3: de casta parasit\u00e0ria administradora aut\u00f2crata de les grans conquestes revolucion\u00e0ries a burgesia propiet\u00e0ria dels mitjans de producci\u00f3, en el marc d&#8217;una economia de mercat capitalista.<br><br>\n\nAquest proc\u00e9s s&#8217;ha accelerat en els \u00faltims anys i ha sigut definitivament santificat per la nova constituci\u00f3 de 2019, que estableix la propietat privada, el mercat i la inversi\u00f3 estrangera com a mitjans necessaris per a impulsar el creixement de l&#8217;economia del pa\u00eds.<br><br>\n\nSota el bloqueig asfixiant dels EUA, la xicoteta economia cubana ha passat d&#8217;estar centrada en el monocultiu de la canya de sucre i  depenent de l\u2019URSS (pa\u00eds que absorbia el 72% de les exportacions en 1987) al monocultiu del turisme (amb una regressi\u00f3 a prostituci\u00f3 de l&#8217;\u00e8poca de Batista) i de les exportacions de serveis (metges, personal d&#8217;infermeria, mestres) que en 2017 constitu\u00efen respectivament el 21,5% i 78,4% de les exportacions. A assenyalar que el gran client d&#8217;aqueixos serveis \u00e9s Vene\u00e7uela, que paga no amb divises sin\u00f3 amb petroli, del que dep\u00e8n, entre altres coses, el 95% de la producci\u00f3 el\u00e8ctrica de Cuba.<br><br>\n\nLa crisi mundial del 2008-2013, el col\u00b7lapse de l&#8217;economia capitalista dominada de Vene\u00e7uela (tamb\u00e9 sota el rabi\u00f3s bloqueig dels EUA) i ara la pand\u00e8mia de la COVID-19, han afonat les \u00faniques fonts cubanes d&#8217;ingressos de divises, multiplicant el deute exterior i les ja greus dificultats per al seu pagament, que s&#8217;arrosseguen des de 2009. De fet, el juliol de 2021 s&#8217;ha signat amb els creditors del Club de Par\u00eds -encap\u00e7alats per Espanya- l&#8217;en\u00e8sim acord d&#8217;ajornament de pagament del deute internacional. D&#8217;altra banda, des de 2016, la Xina ha passat a ocupar el lloc de primer soci comercial de Cuba (molt a la par amb Vene\u00e7uela) i ha mostrat clar inter\u00e8s a entrar a invertir directament en empreses capitalistes (en concret en la &#8220;Zona Especial de Desenvolupament- ZED Mariel&#8221;), com est\u00e0 fent de manera massiva a tota Am\u00e8rica Llatina.<br><br>\n\nEn resum, en 2021 s&#8217;han concentrat a Cuba tots els elements per a un esclat social:\n<ul><li>crisi econ\u00f2mica general que dura m\u00e9s d&#8217;una d\u00e8cada;<\/li>\n<li>agreujament de les difer\u00e8ncies socials a favor dels sectors de la poblaci\u00f3 (especialment l&#8217;ex\u00e8rcit) lligats a activitats econ\u00f2miques privades relacionades amb el capital estranger (en 2019 aproximadament el 12% de la poblaci\u00f3);<\/li>\n<li>increment generalitzat de preus dels productes relacionats amb les necessitats b\u00e0siques (aliments, aigua, energia), a causa de la pol\u00edtica de reducci\u00f3 dels subsidis estatals, en el marc del proc\u00e9s de restauraci\u00f3 capitalista impulsat pel govern;<\/li>\n<li>desprove\u00efment d&#8217;aliments i medicines, restriccions i talls d&#8217;energia el\u00e8ctrica;<\/li>\n<li>crisi residencial, despr\u00e9s de d\u00e8cades d&#8217;aband\u00f3 dels habitatges p\u00fablics i falta d&#8217;ajudes per a la rehabilitaci\u00f3 de les privades (que suposen el 88% del total d&#8217;habitatges)<\/li>\n<li>tot aix\u00f2 agreujat el juliol de 2021 per la cresta d&#8217;una ona d&#8217;infeccions COVID-19, que ha tensat al m\u00e0xim el sistema sanitari i ha mancat en els pitjors moments d&#8217;oxigen terap\u00e8utic, medicines i material sanitari.<\/li><\/ul>\n\nDavant la magnitud de les protestes, inesperades i inaudites a Cuba, la reacci\u00f3 del president Miguel D\u00edas-Canel ha sigut culpabilitzar de tots els problemes al bloqueig dels EUA, mobilitzar la pr\u00f2pia burocr\u00e0cia per a contrarestar les manifestacions massives, reprimir amb viol\u00e8ncia policial desproporcionada, bloquejar les comunicacions per internet, detindre arbitr\u00e0riament a centenars de persones (inclosos militants del PCC) i &#8230; refor\u00e7ar el proc\u00e9s legal de desmuntatge de l&#8217;economia planificada i l&#8217;obertura a la privatitzaci\u00f3.<br><br>\n\nSense perdre ni un minut l&#8217;oportunitat, els mateixos governs burgesos que mantenen estats fortament policials i que reprimeixen les seues masses (o les dels seus pa\u00efsos sat\u00e8l\u00b7lits) quan protesten contra les seues pr\u00f2pies mis\u00e8ries, s&#8217;han afanyat a manifestar la seua &#8220;solidaritat&#8221; amb els manifestants cubans i la seua &#8220;consternaci\u00f3&#8221; per la repressi\u00f3.  La hip\u00f2crita simpatia amb les mobilitzacions, manifestada per Biden, Bolsonaro o els dirigents dels pa\u00efsos de la Uni\u00f3 Europea \u00e9s una t\u00e0ctica que t\u00e9 el mateix objectiu de la burocr\u00e0cia governant: conv\u00e8ncer les classes treballadores cubanes i de tota Am\u00e8rica que l&#8217;\u00fanica soluci\u00f3 als seus problemes \u00e9s el retorn a l&#8217;imperi del capital, l&#8217;aband\u00f3 dels &#8220;vells somnis socialistes&#8221;, la ren\u00fancia definitiva a un m\u00f3n lliure de classes socials, d&#8217;explotaci\u00f3 i opressi\u00f3.<br><br>\n\nPer part seua, amb el mateix objectiu restauracionista, encara que m\u00e8todes diferents, els governs burgesos imperialistes de la Xina i R\u00fassia condemnen les mobilitzacions acusant-les d&#8217;instruments de l&#8217;imperialisme dels EUA i donen suport al govern cub\u00e0.  Els uns i els altres utilitzen Cuba com un terreny d&#8217;enfrontament inter-imperialista, gens menyspreable, tenint en compte la seua situaci\u00f3 estrat\u00e8gica enfront de les costes nord-americanes.<br><br>\n\nA m\u00e9s, les direccions tradicionals de la classe obrera s&#8217;adapten a un camp de la reacci\u00f3 o un altre. Els partits laboristes i socialdem\u00f2crates es posen del costat de la seua burgesia. Producte dels seus vells lla\u00e7os amb l&#8217;extinta burocr\u00e0cia del Kremlin o amb l&#8217;actual de l&#8217;Havana, per tot el planeta, els partits \u201ccomunistes\u201d que sobreviuen i la majoria de les organitzacions revisionistes del trotskisme s&#8217;han alineat incondicionalment amb el govern cub\u00e0, el qual presenten fraudulentament com l&#8217;honest depositari de les conquestes de la revoluci\u00f3 de 1959, qualificant al seu r\u00e8gim burocr\u00e0tic com a &#8220;socialista&#8221;.<br><br>\n\nEl nou per\u00edode de lluites de classes que han anunciat les manifestacions de juliol de 2021 ser\u00e0 per aix\u00f2 molt complex, amb intervenci\u00f3 directa de forces pol\u00edtiques estrangeres els interessos de les quals s\u00f3n totalment contraris als de la classe obrera i les masses treballadores cubanes.  Aquestes nom\u00e9s podran aconseguir els seus objectius defensant les velles conquestes revolucion\u00e0ries, enderrocant el govern restauracionista i la seua casta burocr\u00e0tica, organitzant un estat revolucionari basat en els consells obrers i camperols triats democr\u00e0ticament i revocables en tot moment, lluitant per estendre la revoluci\u00f3 a tota Am\u00e8rica.<br><br>\n\n<center>Col\u00b7lectiu Revoluci\u00f3 Permanent (\u00c0ustria, Estat Espanyol, Fran\u00e7a, Turquia)<\/center>\n<\/div>\n","protected":false},"excerpt":{"rendered":"<p>Les protestes massives iniciades el 10 de juliol de 2021 i esteses per tot el territori cub\u00e0 han marcat un abans i despr\u00e9s en la relaci\u00f3 de les masses treballadores&#8230; <a href=\"https:\/\/www.revolucionpermanente.com\/catala\/2021\/08\/27\/cuba-per-la-revolucio-politica-que-expulse-del-poder-la-burocracia-restauracionista-i-estenga-la-revolucio-proletaria-a-tota-america\/\">M\u00e9s informaci\u00f3 &raquo;<\/a><\/p>\n","protected":false},"author":1,"featured_media":0,"comment_status":"closed","ping_status":"closed","sticky":false,"template":"","format":"standard","meta":{"footnotes":""},"categories":[1],"tags":[],"class_list":["post-165","post","type-post","status-publish","format-standard","hentry","category-non-classe"],"_links":{"self":[{"href":"https:\/\/www.revolucionpermanente.com\/catala\/wp-json\/wp\/v2\/posts\/165","targetHints":{"allow":["GET"]}}],"collection":[{"href":"https:\/\/www.revolucionpermanente.com\/catala\/wp-json\/wp\/v2\/posts"}],"about":[{"href":"https:\/\/www.revolucionpermanente.com\/catala\/wp-json\/wp\/v2\/types\/post"}],"author":[{"embeddable":true,"href":"https:\/\/www.revolucionpermanente.com\/catala\/wp-json\/wp\/v2\/users\/1"}],"replies":[{"embeddable":true,"href":"https:\/\/www.revolucionpermanente.com\/catala\/wp-json\/wp\/v2\/comments?post=165"}],"version-history":[{"count":3,"href":"https:\/\/www.revolucionpermanente.com\/catala\/wp-json\/wp\/v2\/posts\/165\/revisions"}],"predecessor-version":[{"id":168,"href":"https:\/\/www.revolucionpermanente.com\/catala\/wp-json\/wp\/v2\/posts\/165\/revisions\/168"}],"wp:attachment":[{"href":"https:\/\/www.revolucionpermanente.com\/catala\/wp-json\/wp\/v2\/media?parent=165"}],"wp:term":[{"taxonomy":"category","embeddable":true,"href":"https:\/\/www.revolucionpermanente.com\/catala\/wp-json\/wp\/v2\/categories?post=165"},{"taxonomy":"post_tag","embeddable":true,"href":"https:\/\/www.revolucionpermanente.com\/catala\/wp-json\/wp\/v2\/tags?post=165"}],"curies":[{"name":"wp","href":"https:\/\/api.w.org\/{rel}","templated":true}]}}